{"id":1005,"date":"2010-06-14T20:00:12","date_gmt":"2010-06-14T19:00:12","guid":{"rendered":"http:\/\/www.tsv-birkenau.de\/?p=1005"},"modified":"2010-08-19T13:23:29","modified_gmt":"2010-08-19T12:23:29","slug":"gymnastik-tanz-prasentiert-sich-auf-dem-historischen-markt","status":"publish","type":"post","link":"https:\/\/www.tsv-birkenau.de\/index.php\/archives\/1005","title":{"rendered":"Gymnastik &#038; Tanz pr\u00e4sentiert sich auf dem Historischen Markt"},"content":{"rendered":"<p><img loading=\"lazy\" decoding=\"async\" class=\"aligncenter size-full wp-image-1006\" title=\"Historischer Markt\" src=\"https:\/\/www.tsv-birkenau.de\/wp-content\/upload\/histmarkt_400.jpg\" alt=\"histmarkt_400\" width=\"400\" height=\"259\" srcset=\"https:\/\/www.tsv-birkenau.de\/wp-content\/upload\/histmarkt_400.jpg 400w, https:\/\/www.tsv-birkenau.de\/wp-content\/upload\/histmarkt_400-300x194.jpg 300w\" sizes=\"auto, (max-width: 400px) 100vw, 400px\" \/><\/p>\n<p>Nach l\u00e4ngerer Vorbereitungszeit war es am 30. Mai 2010 endlich wieder einmal so weit:<br \/>\nDer Auftritt auf dem Historischen Markt innerhalb des Rahmenprogramms in Birkenau ist schon seit 1995 liebgewonnene Tradition, die alle f\u00fcnf Jahre immer gern gepflegt wird.<\/p>\n<p><!--more--><br \/>\nIn diesem Jahr gab es mit der gemeinsamen Vorbereitung durch Nachwuchs- und Erwachsenengruppe eine neue Variante der Darbietung. Zur Musik \u201eSaltarello&#8221; (von Dead can dance) zeigte die gemischte Gruppe auf der gro\u00dfen B\u00fchne im Schlosspark im Anschluss an die Reisener Turnkinder die Choreographie eines mittelalterlichen Markttanzes.<br \/>\nPetrus war den T\u00e4nzerinnen wohlgesonnen &#8211; das Wetter hielt sich bis kurz nach dem Auftritt trocken. Die eigens daf\u00fcr angeschafften Kost\u00fcme taten die \u00fcbrige Wirkung, und das Publikum war begeistert. Leider musste der geplante zweite Auftritt auf der Wiese wegen der schlechten Witterung ausfallen. Trotzdem hat es wie immer viel Spa\u00df gemacht!<\/p>\n","protected":false},"excerpt":{"rendered":"<p>Nach l\u00e4ngerer Vorbereitungszeit war es am 30. Mai 2010 endlich wieder einmal so weit: Der Auftritt auf dem Historischen Markt innerhalb des Rahmenprogramms in Birkenau ist schon seit 1995 liebgewonnene [&hellip;]<\/p>\n","protected":false},"author":2,"featured_media":0,"comment_status":"open","ping_status":"closed","sticky":false,"template":"","format":"standard","meta":{"_uag_custom_page_level_css":"","site-sidebar-layout":"default","site-content-layout":"","ast-site-content-layout":"default","site-content-style":"default","site-sidebar-style":"default","ast-global-header-display":"","ast-banner-title-visibility":"","ast-main-header-display":"","ast-hfb-above-header-display":"","ast-hfb-below-header-display":"","ast-hfb-mobile-header-display":"","site-post-title":"","ast-breadcrumbs-content":"","ast-featured-img":"","footer-sml-layout":"","ast-disable-related-posts":"","theme-transparent-header-meta":"","adv-header-id-meta":"","stick-header-meta":"","header-above-stick-meta":"","header-main-stick-meta":"","header-below-stick-meta":"","astra-migrate-meta-layouts":"default","ast-page-background-enabled":"default","ast-page-background-meta":{"desktop":{"background-color":"var(--ast-global-color-4)","background-image":"","background-repeat":"repeat","background-position":"center center","background-size":"auto","background-attachment":"scroll","background-type":"","background-media":"","overlay-type":"","overlay-color":"","overlay-opacity":"","overlay-gradient":""},"tablet":{"background-color":"","background-image":"","background-repeat":"repeat","background-position":"center center","background-size":"auto","background-attachment":"scroll","background-type":"","background-media":"","overlay-type":"","overlay-color":"","overlay-opacity":"","overlay-gradient":""},"mobile":{"background-color":"","background-image":"","background-repeat":"repeat","background-position":"center center","background-size":"auto","background-attachment":"scroll","background-type":"","background-media":"","overlay-type":"","overlay-color":"","overlay-opacity":"","overlay-gradient":""}},"ast-content-background-meta":{"desktop":{"background-color":"var(--ast-global-color-5)","background-image":"","background-repeat":"repeat","background-position":"center center","background-size":"auto","background-attachment":"scroll","background-type":"","background-media":"","overlay-type":"","overlay-color":"","overlay-opacity":"","overlay-gradient":""},"tablet":{"background-color":"var(--ast-global-color-5)","background-image":"","background-repeat":"repeat","background-position":"center center","background-size":"auto","background-attachment":"scroll","background-type":"","background-media":"","overlay-type":"","overlay-color":"","overlay-opacity":"","overlay-gradient":""},"mobile":{"background-color":"var(--ast-global-color-5)","background-image":"","background-repeat":"repeat","background-position":"center center","background-size":"auto","background-attachment":"scroll","background-type":"","background-media":"","overlay-type":"","overlay-color":"","overlay-opacity":"","overlay-gradient":""}},"footnotes":""},"categories":[12],"tags":[],"class_list":["post-1005","post","type-post","status-publish","format-standard","hentry","category-gymta"],"uagb_featured_image_src":{"full":false,"thumbnail":false,"medium":false,"medium_large":false,"large":false,"1536x1536":false,"2048x2048":false},"uagb_author_info":{"display_name":"Paul B\u00f6hm","author_link":"https:\/\/www.tsv-birkenau.de\/index.php\/archives\/author\/pboehm"},"uagb_comment_info":0,"uagb_excerpt":"Nach l\u00e4ngerer Vorbereitungszeit war es am 30. Mai 2010 endlich wieder einmal so weit: Der Auftritt auf dem Historischen Markt innerhalb des Rahmenprogramms in Birkenau ist schon seit 1995 liebgewonnene [&hellip;]","_links":{"self":[{"href":"https:\/\/www.tsv-birkenau.de\/index.php\/wp-json\/wp\/v2\/posts\/1005","targetHints":{"allow":["GET"]}}],"collection":[{"href":"https:\/\/www.tsv-birkenau.de\/index.php\/wp-json\/wp\/v2\/posts"}],"about":[{"href":"https:\/\/www.tsv-birkenau.de\/index.php\/wp-json\/wp\/v2\/types\/post"}],"author":[{"embeddable":true,"href":"https:\/\/www.tsv-birkenau.de\/index.php\/wp-json\/wp\/v2\/users\/2"}],"replies":[{"embeddable":true,"href":"https:\/\/www.tsv-birkenau.de\/index.php\/wp-json\/wp\/v2\/comments?post=1005"}],"version-history":[{"count":5,"href":"https:\/\/www.tsv-birkenau.de\/index.php\/wp-json\/wp\/v2\/posts\/1005\/revisions"}],"predecessor-version":[{"id":1061,"href":"https:\/\/www.tsv-birkenau.de\/index.php\/wp-json\/wp\/v2\/posts\/1005\/revisions\/1061"}],"wp:attachment":[{"href":"https:\/\/www.tsv-birkenau.de\/index.php\/wp-json\/wp\/v2\/media?parent=1005"}],"wp:term":[{"taxonomy":"category","embeddable":true,"href":"https:\/\/www.tsv-birkenau.de\/index.php\/wp-json\/wp\/v2\/categories?post=1005"},{"taxonomy":"post_tag","embeddable":true,"href":"https:\/\/www.tsv-birkenau.de\/index.php\/wp-json\/wp\/v2\/tags?post=1005"}],"curies":[{"name":"wp","href":"https:\/\/api.w.org\/{rel}","templated":true}]}}