{"id":1271,"date":"2011-02-14T10:16:31","date_gmt":"2011-02-14T09:16:31","guid":{"rendered":"http:\/\/www.tsv-birkenau.de\/?p=1271"},"modified":"2011-02-14T10:18:01","modified_gmt":"2011-02-14T09:18:01","slug":"1271","status":"publish","type":"post","link":"https:\/\/www.tsv-birkenau.de\/index.php\/archives\/1271","title":{"rendered":"Wir suchen Dein Gesicht!"},"content":{"rendered":"<p><img loading=\"lazy\" decoding=\"async\" class=\"alignnone size-full wp-image-1273\" title=\"web_fotoshooting\" src=\"https:\/\/www.tsv-birkenau.de\/wp-content\/upload\/web_fotoshooting1.jpg\" alt=\"\" width=\"400\" height=\"275\" srcset=\"https:\/\/www.tsv-birkenau.de\/wp-content\/upload\/web_fotoshooting1.jpg 400w, https:\/\/www.tsv-birkenau.de\/wp-content\/upload\/web_fotoshooting1-300x206.jpg 300w\" sizes=\"auto, (max-width: 400px) 100vw, 400px\" \/><\/p>\n<p>In Zusammenarbeit mit der Agentur <a href=\"http:\/\/www.hollandmedia.de\/\" target=\"_blank\">hollandmedia.de<\/a> sucht der TSV Birkenau die &#8220;Gesichter des Vereins&#8221;. Im Rahmen der  Marketingkampagne anl\u00e4sslich des 125. Jubil\u00e4ums sollen Fotos aus jeder  Abteilung entstehen, die typische Aktionen w\u00e4hrend des Sports abbilden.  Gesucht sind also 1-2 Personen aus jeder Abteilung, die sich bei einem  professionellen Fotoshooting ablichten lassen m\u00f6chten.<!--more--><img decoding=\"async\" title=\"Weiterlesen...\" src=\"http:\/\/w-jugend.tsv-birkenau.de\/wp-includes\/js\/tinymce\/plugins\/wordpress\/img\/trans.gif\" alt=\"\" \/><\/p>\n<p>Bewirb Dich jetzt unter deingesicht@tsvbirkenau.de und werde Gesicht  der Marketingkampagne des TSV Birkenau. (Der Bewerbung bitte ein  aktuelles Foto anh\u00e4ngen). Bewerbungen werden bis zum 20. Februar 2011  angenommen. Der Termin f\u00fcr das Fotoshooting wird in K\u00fcrze  bekanntgegeben.<\/p>\n","protected":false},"excerpt":{"rendered":"<p>In Zusammenarbeit mit der Agentur hollandmedia.de sucht der TSV Birkenau die &#8220;Gesichter des Vereins&#8221;. Im Rahmen der Marketingkampagne anl\u00e4sslich des 125. Jubil\u00e4ums sollen Fotos aus jeder Abteilung entstehen, die typische [&hellip;]<\/p>\n","protected":false},"author":1,"featured_media":0,"comment_status":"open","ping_status":"open","sticky":false,"template":"","format":"standard","meta":{"_uag_custom_page_level_css":"","site-sidebar-layout":"default","site-content-layout":"","ast-site-content-layout":"default","site-content-style":"default","site-sidebar-style":"default","ast-global-header-display":"","ast-banner-title-visibility":"","ast-main-header-display":"","ast-hfb-above-header-display":"","ast-hfb-below-header-display":"","ast-hfb-mobile-header-display":"","site-post-title":"","ast-breadcrumbs-content":"","ast-featured-img":"","footer-sml-layout":"","ast-disable-related-posts":"","theme-transparent-header-meta":"","adv-header-id-meta":"","stick-header-meta":"","header-above-stick-meta":"","header-main-stick-meta":"","header-below-stick-meta":"","astra-migrate-meta-layouts":"default","ast-page-background-enabled":"default","ast-page-background-meta":{"desktop":{"background-color":"var(--ast-global-color-4)","background-image":"","background-repeat":"repeat","background-position":"center center","background-size":"auto","background-attachment":"scroll","background-type":"","background-media":"","overlay-type":"","overlay-color":"","overlay-opacity":"","overlay-gradient":""},"tablet":{"background-color":"","background-image":"","background-repeat":"repeat","background-position":"center center","background-size":"auto","background-attachment":"scroll","background-type":"","background-media":"","overlay-type":"","overlay-color":"","overlay-opacity":"","overlay-gradient":""},"mobile":{"background-color":"","background-image":"","background-repeat":"repeat","background-position":"center center","background-size":"auto","background-attachment":"scroll","background-type":"","background-media":"","overlay-type":"","overlay-color":"","overlay-opacity":"","overlay-gradient":""}},"ast-content-background-meta":{"desktop":{"background-color":"var(--ast-global-color-5)","background-image":"","background-repeat":"repeat","background-position":"center center","background-size":"auto","background-attachment":"scroll","background-type":"","background-media":"","overlay-type":"","overlay-color":"","overlay-opacity":"","overlay-gradient":""},"tablet":{"background-color":"var(--ast-global-color-5)","background-image":"","background-repeat":"repeat","background-position":"center center","background-size":"auto","background-attachment":"scroll","background-type":"","background-media":"","overlay-type":"","overlay-color":"","overlay-opacity":"","overlay-gradient":""},"mobile":{"background-color":"var(--ast-global-color-5)","background-image":"","background-repeat":"repeat","background-position":"center center","background-size":"auto","background-attachment":"scroll","background-type":"","background-media":"","overlay-type":"","overlay-color":"","overlay-opacity":"","overlay-gradient":""}},"footnotes":""},"categories":[30],"tags":[],"class_list":["post-1271","post","type-post","status-publish","format-standard","hentry","category-125-jahre-tsv-birkenau"],"uagb_featured_image_src":{"full":false,"thumbnail":false,"medium":false,"medium_large":false,"large":false,"1536x1536":false,"2048x2048":false},"uagb_author_info":{"display_name":"admin","author_link":"https:\/\/www.tsv-birkenau.de\/index.php\/archives\/author\/admin"},"uagb_comment_info":0,"uagb_excerpt":"In Zusammenarbeit mit der Agentur hollandmedia.de sucht der TSV Birkenau die &#8220;Gesichter des Vereins&#8221;. Im Rahmen der Marketingkampagne anl\u00e4sslich des 125. Jubil\u00e4ums sollen Fotos aus jeder Abteilung entstehen, die typische [&hellip;]","_links":{"self":[{"href":"https:\/\/www.tsv-birkenau.de\/index.php\/wp-json\/wp\/v2\/posts\/1271","targetHints":{"allow":["GET"]}}],"collection":[{"href":"https:\/\/www.tsv-birkenau.de\/index.php\/wp-json\/wp\/v2\/posts"}],"about":[{"href":"https:\/\/www.tsv-birkenau.de\/index.php\/wp-json\/wp\/v2\/types\/post"}],"author":[{"embeddable":true,"href":"https:\/\/www.tsv-birkenau.de\/index.php\/wp-json\/wp\/v2\/users\/1"}],"replies":[{"embeddable":true,"href":"https:\/\/www.tsv-birkenau.de\/index.php\/wp-json\/wp\/v2\/comments?post=1271"}],"version-history":[{"count":6,"href":"https:\/\/www.tsv-birkenau.de\/index.php\/wp-json\/wp\/v2\/posts\/1271\/revisions"}],"predecessor-version":[{"id":1279,"href":"https:\/\/www.tsv-birkenau.de\/index.php\/wp-json\/wp\/v2\/posts\/1271\/revisions\/1279"}],"wp:attachment":[{"href":"https:\/\/www.tsv-birkenau.de\/index.php\/wp-json\/wp\/v2\/media?parent=1271"}],"wp:term":[{"taxonomy":"category","embeddable":true,"href":"https:\/\/www.tsv-birkenau.de\/index.php\/wp-json\/wp\/v2\/categories?post=1271"},{"taxonomy":"post_tag","embeddable":true,"href":"https:\/\/www.tsv-birkenau.de\/index.php\/wp-json\/wp\/v2\/tags?post=1271"}],"curies":[{"name":"wp","href":"https:\/\/api.w.org\/{rel}","templated":true}]}}