{"id":1588,"date":"2012-04-02T13:32:21","date_gmt":"2012-04-02T12:32:21","guid":{"rendered":"http:\/\/www.tsv-birkenau.de\/?p=1588"},"modified":"2012-04-05T09:53:06","modified_gmt":"2012-04-05T08:53:06","slug":"sportgala-nach-einem-jahr-noch-gansehaut","status":"publish","type":"post","link":"https:\/\/www.tsv-birkenau.de\/index.php\/archives\/1588","title":{"rendered":"Sportgala: Nach einem Jahr noch G\u00e4nsehaut"},"content":{"rendered":"<p><img loading=\"lazy\" decoding=\"async\" class=\"alignnone size-full wp-image-1595\" title=\"Mitgliederversammlung 2012 (Bild: Kopetzky)\" src=\"https:\/\/www.tsv-birkenau.de\/wp-content\/upload\/Mitgliederversammlung-12.jpg\" alt=\"\" width=\"400\" height=\"269\" srcset=\"https:\/\/www.tsv-birkenau.de\/wp-content\/upload\/Mitgliederversammlung-12.jpg 400w, https:\/\/www.tsv-birkenau.de\/wp-content\/upload\/Mitgliederversammlung-12-300x201.jpg 300w\" sizes=\"auto, (max-width: 400px) 100vw, 400px\" \/><\/p>\n<p>G\u00e4nsehautatmosph\u00e4re in einer Jahreshauptversammlung ist ein seltenes Ph\u00e4nomen. M\u00f6glich macht\u2019s der TSV Birkenau. Zum Ende der Hauptversammlung zeigte der Verein den erschienen Mitgliedern Filmaufnahmen aus der Sportgala des vergangenen Jubil\u00e4umsjahres: Eine abgedunkelte Langenberghalle, Projektionen historischer Fotografien auf der Gro\u00dfbildleinwand, davor die Sportler des TSV in ihren orangefarbenen T-Shirts &#8211; und der junge Chor des Volkschors, der Whitney Houstons &#8220;One moment in time&#8221; auf unnachahmliche Weise interpretierte.<!--more--><\/p>\n<p>Da wurden Erinnerungen wach an einen zauberhaften Abend, der aber nur eine von f\u00fcnf Gro\u00dfveranstaltungen im Jahr des 125-j\u00e4hrigen Bestehen des Weschnitzt\u00e4ler Traditionsvereins war.<\/p>\n<p>Au\u00dfer der Sportgala hatte der TSV n\u00e4mlich noch zu seinem gro\u00dfen Festkommers in das Vereinshaus geladen und das Tannenbuckelturnier mit 80 Mannschaften ausgerichtet. Hinzu kam die Dino-Tour der Ballschule und nicht zuletzt das Freundschaftsspiel der ersten M\u00e4nnermannschaft gegen den Bundesligisten TV Gro\u00dfwallstadt. &#8220;All diese Veranstaltungen waren von einer hohen Qualit\u00e4t gepr\u00e4gt&#8221;, blickte Pr\u00e4sident Peter Denger zur\u00fcck, der allerdings eine &#8220;nicht gerade \u00fcberw\u00e4ltigende Resonanz&#8221; beim Festkommers einr\u00e4umte. Vor allem das mangelnde Interesse der Gemeindevertreter am gr\u00f6\u00dften Birkenauer Verein und \u00e4ltesten Sportverein im Weschnitztal habe ihn entt\u00e4uscht.<\/p>\n<p><strong>16 000 Stunden ehrenamtlich<\/strong><\/p>\n<p>\u00dcberhaupt fand Denger in seinem Jahresbericht durchaus kritische Worte, vor allem was den Bereich der Jugendf\u00f6rderung anbelangt. \u00dcbungsleiter, Betreuer und Vereinsf\u00fchrung des TSV leisteten j\u00e4hrlich 16 000 Stunden ehrenamtliche Arbeit, im vergangenen Jahr habe der Verein mehr als 150 Ausw\u00e4rtsfahrten f\u00fcr seine Handballmannschaften organisiert &#8211; die Fahrten der ersten Mannschaft nicht eingerechnet.<\/p>\n<p>Es gebe unz\u00e4hlige Ver\u00f6ffentlichungen, die darauf hinwiesen, wie wichtig Sport f\u00fcr junge Menschen sei, die in einem erschreckenden Ma\u00df an Bewegungsmangel und \u00dcbergewicht litten. Die Sportvereine leisteten hier ein hohes Ma\u00df an Pr\u00e4vention, indem sie Jugendliche an k\u00f6rperliche Ert\u00fcchtigung heranf\u00fchren.<\/p>\n<p>Der TSV sei ein Verein, der gerade f\u00fcr junge Menschen Mannschaftsport anbiete. Mannschaftsport vermittele f\u00fcr junge Menschen Werte, die sonst weitgehend abhanden gekommen seien, Werte wie Kameradschaft, Solidarit\u00e4t, Teamgeist, P\u00fcnktlichkeit und vieles mehr.<\/p>\n<p>Von diesem Gedanken aus spannte Denger den Bogen zur Jugendf\u00f6rderung. F\u00fcr die hauptamtliche Betreuung der Kinder vom dritten bis zum sechsten Lebensjahr in den Kinderg\u00e4rten zahle die Gemeinde j\u00e4hrlich 1,3 Millionen Euro. &#8220;Und das ist auch gut so.&#8221; F\u00fcr die sportliche Ausbildung der Kinder und Jugendlichen vom dritten bis zum 18. Lebensjahr, die ehrenamtlich erfolge, st\u00fcnden bisher gerade mal 10 000 Euro f\u00fcr die Jugendf\u00f6rderung aller Birkenauer Vereine zur Verf\u00fcgung, n\u00e4mlich 10 Euro je Kind oder Jugendlichem im Jahr. &#8220;Auch die unterschiedliche F\u00f6rderung der Jugendlichen, die die Musikschule besuchen und einen j\u00e4hrlichen Zuschuss von 110 Euro je Kind von der Gemeinde erhalten, konnte man mir bisher nicht plausibel erkl\u00e4ren&#8221;, sagte der Pr\u00e4sident. Aus diesem Grund sei er sehr dankbar, dass jetzt Bewegung in die Diskussion um die Vereinsf\u00f6rderung und die Jugendf\u00f6rderung gekommen sei. Erfreulich sei auch, dass die Politik nun auch die unterschiedliche Behandlung in Bezug auf die Nutzung der kommunalen und der vereinseigenen Sportst\u00e4tten aufgegriffen habe und eine gerechtere Regelung treffen wolle. Wer die Geburtenzahlen in Birkenau, aber auch in den weiteren Weschnitztalgemeinden kenne, komme zwangsl\u00e4ufig zu dem Ergebnis, dass eine Zusammenarbeit aller Vereine, die den Mannschaftssport Handball betreiben, dringend geboten sei. Die Geburtenzahlen h\u00e4tten in den vergangenen zehn Jahren eine dramatische Entwicklung genommen. Vizepr\u00e4sident Werner Stief habe in Abstimmung mit dem Pr\u00e4sidium des Vereins mit den anderen Handballvereinen des Weschnitztales Verbindung aufgenommen, um auszuloten, ob eine Bereitschaft zur Zusammenarbeit besteht. Nur auf diese Weise k\u00f6nne die Zukunft des Handballs gesichert werden.<\/p>\n<p>Wichtiger Bestandteil der Versammlung waren die Ehrungen, bei der der TSV zehn neue Ehrenmitglieder ernannte. Ein dreiviertel Jahrhundert geh\u00f6ren Wilhelm J\u00fcllich und Karl Ziener &#8211; ein ganz wertvolles Mitglied &#8211; dem Verein an.<\/p>\n<p>Quelle: WNOZ.de<\/p>\n","protected":false},"excerpt":{"rendered":"<p>G\u00e4nsehautatmosph\u00e4re in einer Jahreshauptversammlung ist ein seltenes Ph\u00e4nomen. M\u00f6glich macht\u2019s der TSV Birkenau. Zum Ende der Hauptversammlung zeigte der Verein den erschienen Mitgliedern Filmaufnahmen aus der Sportgala des vergangenen Jubil\u00e4umsjahres: [&hellip;]<\/p>\n","protected":false},"author":4,"featured_media":0,"comment_status":"open","ping_status":"open","sticky":false,"template":"","format":"standard","meta":{"_uag_custom_page_level_css":"","site-sidebar-layout":"default","site-content-layout":"","ast-site-content-layout":"default","site-content-style":"default","site-sidebar-style":"default","ast-global-header-display":"","ast-banner-title-visibility":"","ast-main-header-display":"","ast-hfb-above-header-display":"","ast-hfb-below-header-display":"","ast-hfb-mobile-header-display":"","site-post-title":"","ast-breadcrumbs-content":"","ast-featured-img":"","footer-sml-layout":"","ast-disable-related-posts":"","theme-transparent-header-meta":"","adv-header-id-meta":"","stick-header-meta":"","header-above-stick-meta":"","header-main-stick-meta":"","header-below-stick-meta":"","astra-migrate-meta-layouts":"default","ast-page-background-enabled":"default","ast-page-background-meta":{"desktop":{"background-color":"var(--ast-global-color-4)","background-image":"","background-repeat":"repeat","background-position":"center center","background-size":"auto","background-attachment":"scroll","background-type":"","background-media":"","overlay-type":"","overlay-color":"","overlay-opacity":"","overlay-gradient":""},"tablet":{"background-color":"","background-image":"","background-repeat":"repeat","background-position":"center center","background-size":"auto","background-attachment":"scroll","background-type":"","background-media":"","overlay-type":"","overlay-color":"","overlay-opacity":"","overlay-gradient":""},"mobile":{"background-color":"","background-image":"","background-repeat":"repeat","background-position":"center center","background-size":"auto","background-attachment":"scroll","background-type":"","background-media":"","overlay-type":"","overlay-color":"","overlay-opacity":"","overlay-gradient":""}},"ast-content-background-meta":{"desktop":{"background-color":"var(--ast-global-color-5)","background-image":"","background-repeat":"repeat","background-position":"center center","background-size":"auto","background-attachment":"scroll","background-type":"","background-media":"","overlay-type":"","overlay-color":"","overlay-opacity":"","overlay-gradient":""},"tablet":{"background-color":"var(--ast-global-color-5)","background-image":"","background-repeat":"repeat","background-position":"center center","background-size":"auto","background-attachment":"scroll","background-type":"","background-media":"","overlay-type":"","overlay-color":"","overlay-opacity":"","overlay-gradient":""},"mobile":{"background-color":"var(--ast-global-color-5)","background-image":"","background-repeat":"repeat","background-position":"center center","background-size":"auto","background-attachment":"scroll","background-type":"","background-media":"","overlay-type":"","overlay-color":"","overlay-opacity":"","overlay-gradient":""}},"footnotes":""},"categories":[1],"tags":[],"class_list":["post-1588","post","type-post","status-publish","format-standard","hentry","category-allgemein"],"uagb_featured_image_src":{"full":false,"thumbnail":false,"medium":false,"medium_large":false,"large":false,"1536x1536":false,"2048x2048":false},"uagb_author_info":{"display_name":"Daniel G\u00f6tz","author_link":"https:\/\/www.tsv-birkenau.de\/index.php\/archives\/author\/dgoetz"},"uagb_comment_info":0,"uagb_excerpt":"G\u00e4nsehautatmosph\u00e4re in einer Jahreshauptversammlung ist ein seltenes Ph\u00e4nomen. M\u00f6glich macht\u2019s der TSV Birkenau. Zum Ende der Hauptversammlung zeigte der Verein den erschienen Mitgliedern Filmaufnahmen aus der Sportgala des vergangenen Jubil\u00e4umsjahres: [&hellip;]","_links":{"self":[{"href":"https:\/\/www.tsv-birkenau.de\/index.php\/wp-json\/wp\/v2\/posts\/1588","targetHints":{"allow":["GET"]}}],"collection":[{"href":"https:\/\/www.tsv-birkenau.de\/index.php\/wp-json\/wp\/v2\/posts"}],"about":[{"href":"https:\/\/www.tsv-birkenau.de\/index.php\/wp-json\/wp\/v2\/types\/post"}],"author":[{"embeddable":true,"href":"https:\/\/www.tsv-birkenau.de\/index.php\/wp-json\/wp\/v2\/users\/4"}],"replies":[{"embeddable":true,"href":"https:\/\/www.tsv-birkenau.de\/index.php\/wp-json\/wp\/v2\/comments?post=1588"}],"version-history":[{"count":3,"href":"https:\/\/www.tsv-birkenau.de\/index.php\/wp-json\/wp\/v2\/posts\/1588\/revisions"}],"predecessor-version":[{"id":1601,"href":"https:\/\/www.tsv-birkenau.de\/index.php\/wp-json\/wp\/v2\/posts\/1588\/revisions\/1601"}],"wp:attachment":[{"href":"https:\/\/www.tsv-birkenau.de\/index.php\/wp-json\/wp\/v2\/media?parent=1588"}],"wp:term":[{"taxonomy":"category","embeddable":true,"href":"https:\/\/www.tsv-birkenau.de\/index.php\/wp-json\/wp\/v2\/categories?post=1588"},{"taxonomy":"post_tag","embeddable":true,"href":"https:\/\/www.tsv-birkenau.de\/index.php\/wp-json\/wp\/v2\/tags?post=1588"}],"curies":[{"name":"wp","href":"https:\/\/api.w.org\/{rel}","templated":true}]}}