{"id":171,"date":"2008-03-18T21:25:42","date_gmt":"2008-03-18T19:25:42","guid":{"rendered":"http:\/\/www.tsv-birkenau.de\/index.php\/archives\/171"},"modified":"2008-03-19T11:36:51","modified_gmt":"2008-03-19T09:36:51","slug":"generalist-und-fuehrungspersoenlichkeit-mit-sozialem-engagement","status":"publish","type":"post","link":"https:\/\/www.tsv-birkenau.de\/index.php\/archives\/171","title":{"rendered":"Generalist und F\u00fchrungspers\u00f6nlichkeit mit sozialem Engagement"},"content":{"rendered":"<p><strong>TSV Pr\u00e4sident Peter Denger feierte seinen 65. Geburtstag<\/strong><\/p>\n<p><img decoding=\"async\" src=\"https:\/\/www.tsv-birkenau.de\/wp-content\/upload\/peter-denger2.jpg\" alt=\"peter-denger2.jpg\" align=\"left\" \/><\/p>\n<p>&#8220;Sich in die Gemeinschaft einbringen, Verantwortung und F\u00fchrung \u00fcbernehmen&#8221;, das ist sein Leitsatz im langj\u00e4hrigen Wirken beim TSV Birkenau: am 18.03.08 wurde Peter Denger 65 Jahre alt. Die ehrenamtlichen Aufgaben, die er im Verein \u00fcbernahm sind vielf\u00e4ltig: Vom Jugendleiter Handball, stellvertretenden Abteilungsleiter, Leiter des F\u00f6rdervereins bis zur \u00dcbernahme der Gesamtverantwortung als Pr\u00e4sident, ist Peter Denger seit nahezu vier Jahrzehnte f\u00fcr seinen Verein erfolgreich t\u00e4tig. Begonnen hat seine sportliche Karriere in der Kinderturnstunde des TSV bei Fritz Bechtold und Wilhelm Stief.<\/p>\n<p><!--more--><\/p>\n<p>Als talentierter Ausdauersportler hat er sich danach zusammen mit seinem Leichtathletiktrainer Werner Kleinw\u00e4chter auf den Laufsport konzentriert und wurde unter anderem im 1000-Meter-Lauf Badischer Jugendmeister. Seine Handballkarriere begann als Torh\u00fcter in der A-Jugend, in der er mit seinen Mannschaftskameraden, wie Hans Kellner, Helmut R\u00fcck und Hansi La\u00dflop zahlreiche Meisterschaften erringen konnte. Er wurde in die Auswahlmannschaften des Kreises Mannheim und des Badischen Handballverbandes berufen.<\/p>\n<p>Er war Gr\u00fcndungsmitglied der 1b-Mannschaft, mit der er Aufstiege bis zur Landesliga feiern konnte. Zus\u00e4tzlich hat er als zweiter Torwort in den 60er Jahren an zahlreichen Meisterschaftsspielen der ersten Mannschaft teilgenommen. Dar\u00fcber hinaus hat er als \u00dcbungsleiter die A- und B-Lizenz erworben. Noch heute ist er jeden Freitag aktiv im AH-Training.<\/p>\n<p>Die 16-j\u00e4hrige Amtszeit als B\u00fcrgermeister von Dossenheim hat Landrat Dr. Sch\u00fctz bei seiner Verabschiedung 1995 wie folgt gew\u00fcrdigt: &#8220;Er besitzt ein Hochma\u00df an Verwaltungskenntnissen, Koordinations- und Entscheidungsf\u00e4higkeiten, die er standfest, in der Sache manchmal hart, aber immer fair und umg\u00e4nglich zum Wohle der Gemeinde zielgerichtet einsetzt&#8221;.<\/p>\n<p>Seine Verwaltungslaufbahn hat der gelernte Brauer und M\u00e4lzer 1965 als Inspektoranw\u00e4rter bei der Stadt Weinheim begonnen. 1977 wurde ihm als Stadtamtsrat die Leitung der Bauverwaltung \u00fcbertragen.<\/p>\n<p>Seit 1995 ist Peter Denger als Unternehmens- und Verwaltungsberater in der Industrie und bei Kommunen t\u00e4tig.<\/p>\n<p>Mit der Wahl zum Pr\u00e4sidenten des TSV Birkenau 2005 ging f\u00fcr den Verein eine \u00fcber Jahre dauernde, schwierige Zeit zu Ende. Unter seiner Leitung wurde der Verein neu strukturiert, die Eigenverantwortung der Abteilungen wesentlich erweitert und die Finanzen konsolidiert. Das Sportangebot des Vereins wurde sowohl f\u00fcr Kinder als auch f\u00fcr Senioren neu belebt und ausgeweitet. Mit nahezu 20 Handballmannschaften ist der TSV wieder eine feste Gr\u00f6\u00dfe im Kreis Mannheim und im Badischen Handballverband.<\/p>\n<p>Ein wesentliches Anliegen ist ihm die Weiterentwicklung der Zusammenarbeit mit den Sportvereinen, den Schulen und den politischen Gremien der Gro\u00dfgemeinde. Hierbei hat der jetzt bevorstehende Neubau der vereinseigenen Trainingshalle am Langenberg eine zentrale Bedeutung.<\/p>\n<p>Mit gro\u00dfer Leidenschaft und Engagement hat er sich zusammen mit seinen Vorstandskollegen f\u00fcr dieses wichtige Vorhaben eingesetzt, damit baldm\u00f6glichst mit dem Bau begonnen werden kann. Der Jubilar appelliert an alle Freunde und G\u00f6nner anstatt ihm ein Geschenk zu machen, dieses Projekt tatkr\u00e4ftig zu unterst\u00fctzen.<\/p>\n","protected":false},"excerpt":{"rendered":"<p>TSV Pr\u00e4sident Peter Denger feierte seinen 65. Geburtstag &#8220;Sich in die Gemeinschaft einbringen, Verantwortung und F\u00fchrung \u00fcbernehmen&#8221;, das ist sein Leitsatz im langj\u00e4hrigen Wirken beim TSV Birkenau: am 18.03.08 wurde [&hellip;]<\/p>\n","protected":false},"author":4,"featured_media":0,"comment_status":"open","ping_status":"open","sticky":false,"template":"","format":"standard","meta":{"_uag_custom_page_level_css":"","site-sidebar-layout":"default","site-content-layout":"","ast-site-content-layout":"default","site-content-style":"default","site-sidebar-style":"default","ast-global-header-display":"","ast-banner-title-visibility":"","ast-main-header-display":"","ast-hfb-above-header-display":"","ast-hfb-below-header-display":"","ast-hfb-mobile-header-display":"","site-post-title":"","ast-breadcrumbs-content":"","ast-featured-img":"","footer-sml-layout":"","ast-disable-related-posts":"","theme-transparent-header-meta":"","adv-header-id-meta":"","stick-header-meta":"","header-above-stick-meta":"","header-main-stick-meta":"","header-below-stick-meta":"","astra-migrate-meta-layouts":"default","ast-page-background-enabled":"default","ast-page-background-meta":{"desktop":{"background-color":"var(--ast-global-color-4)","background-image":"","background-repeat":"repeat","background-position":"center center","background-size":"auto","background-attachment":"scroll","background-type":"","background-media":"","overlay-type":"","overlay-color":"","overlay-opacity":"","overlay-gradient":""},"tablet":{"background-color":"","background-image":"","background-repeat":"repeat","background-position":"center center","background-size":"auto","background-attachment":"scroll","background-type":"","background-media":"","overlay-type":"","overlay-color":"","overlay-opacity":"","overlay-gradient":""},"mobile":{"background-color":"","background-image":"","background-repeat":"repeat","background-position":"center center","background-size":"auto","background-attachment":"scroll","background-type":"","background-media":"","overlay-type":"","overlay-color":"","overlay-opacity":"","overlay-gradient":""}},"ast-content-background-meta":{"desktop":{"background-color":"var(--ast-global-color-5)","background-image":"","background-repeat":"repeat","background-position":"center center","background-size":"auto","background-attachment":"scroll","background-type":"","background-media":"","overlay-type":"","overlay-color":"","overlay-opacity":"","overlay-gradient":""},"tablet":{"background-color":"var(--ast-global-color-5)","background-image":"","background-repeat":"repeat","background-position":"center center","background-size":"auto","background-attachment":"scroll","background-type":"","background-media":"","overlay-type":"","overlay-color":"","overlay-opacity":"","overlay-gradient":""},"mobile":{"background-color":"var(--ast-global-color-5)","background-image":"","background-repeat":"repeat","background-position":"center center","background-size":"auto","background-attachment":"scroll","background-type":"","background-media":"","overlay-type":"","overlay-color":"","overlay-opacity":"","overlay-gradient":""}},"footnotes":""},"categories":[1],"tags":[],"class_list":["post-171","post","type-post","status-publish","format-standard","hentry","category-allgemein"],"uagb_featured_image_src":{"full":false,"thumbnail":false,"medium":false,"medium_large":false,"large":false,"1536x1536":false,"2048x2048":false},"uagb_author_info":{"display_name":"Daniel G\u00f6tz","author_link":"https:\/\/www.tsv-birkenau.de\/index.php\/archives\/author\/dgoetz"},"uagb_comment_info":0,"uagb_excerpt":"TSV Pr\u00e4sident Peter Denger feierte seinen 65. Geburtstag &#8220;Sich in die Gemeinschaft einbringen, Verantwortung und F\u00fchrung \u00fcbernehmen&#8221;, das ist sein Leitsatz im langj\u00e4hrigen Wirken beim TSV Birkenau: am 18.03.08 wurde [&hellip;]","_links":{"self":[{"href":"https:\/\/www.tsv-birkenau.de\/index.php\/wp-json\/wp\/v2\/posts\/171","targetHints":{"allow":["GET"]}}],"collection":[{"href":"https:\/\/www.tsv-birkenau.de\/index.php\/wp-json\/wp\/v2\/posts"}],"about":[{"href":"https:\/\/www.tsv-birkenau.de\/index.php\/wp-json\/wp\/v2\/types\/post"}],"author":[{"embeddable":true,"href":"https:\/\/www.tsv-birkenau.de\/index.php\/wp-json\/wp\/v2\/users\/4"}],"replies":[{"embeddable":true,"href":"https:\/\/www.tsv-birkenau.de\/index.php\/wp-json\/wp\/v2\/comments?post=171"}],"version-history":[{"count":0,"href":"https:\/\/www.tsv-birkenau.de\/index.php\/wp-json\/wp\/v2\/posts\/171\/revisions"}],"wp:attachment":[{"href":"https:\/\/www.tsv-birkenau.de\/index.php\/wp-json\/wp\/v2\/media?parent=171"}],"wp:term":[{"taxonomy":"category","embeddable":true,"href":"https:\/\/www.tsv-birkenau.de\/index.php\/wp-json\/wp\/v2\/categories?post=171"},{"taxonomy":"post_tag","embeddable":true,"href":"https:\/\/www.tsv-birkenau.de\/index.php\/wp-json\/wp\/v2\/tags?post=171"}],"curies":[{"name":"wp","href":"https:\/\/api.w.org\/{rel}","templated":true}]}}