{"id":1980,"date":"2014-07-12T13:55:43","date_gmt":"2014-07-12T12:55:43","guid":{"rendered":"http:\/\/www.tsv-birkenau.de\/?p=1980"},"modified":"2016-09-22T10:16:58","modified_gmt":"2016-09-22T09:16:58","slug":"drei-tage-musik-tanz-und-spas","status":"publish","type":"post","link":"https:\/\/www.tsv-birkenau.de\/index.php\/archives\/1980","title":{"rendered":"Drei Tage Musik, Tanz und Spa\u00df"},"content":{"rendered":"<p><img loading=\"lazy\" decoding=\"async\" class=\"alignnone size-full wp-image-1981\" alt=\"Fassbieranstich\" src=\"https:\/\/www.tsv-birkenau.de\/wp-content\/upload\/Fassbieranstich.jpg\" width=\"400\" height=\"225\" srcset=\"https:\/\/www.tsv-birkenau.de\/wp-content\/upload\/Fassbieranstich.jpg 400w, https:\/\/www.tsv-birkenau.de\/wp-content\/upload\/Fassbieranstich-300x168.jpg 300w\" sizes=\"auto, (max-width: 400px) 100vw, 400px\" \/><\/p>\n<p>Mit dem traditionellen Fassbieranstich er\u00f6ffnete B\u00fcrgermeister Helmut Morr im Beisein der gastgebenden Vereinsvorst\u00e4nde von TSV, VfL <a style=\"text-decoration: none; color: inherit; cursor: default; outline: none;\" href=\"http:\/\/timobrien.ca\/hh-iphone-4s-32gb-price-spy\/\">mobile spy pour mac<\/a>  sowie Volks-Chor gestern Abend die Birkenauer Kerwe auf dem Platz La <a style=\"text-decoration: none; color: inherit; cursor: default; outline: none;\" href=\"http:\/\/visionbridgeleadership.com\/mobile-spy-windows-phone-jl\/\">http:\/\/visionbridgeleadership.com\/mobile-spy-windows-phone-jl\/<\/a>  Rochefoucauld. Anschlie\u00dfend sorgte die Liveband &#8220;Our Thing&#8221; f\u00fcr Unterhaltung und die Disco-Bar &#8220;Club 128&#8221; zeigte den Besuchern erstmals seine <\/p>\n<div style=\"position:absolute; left:-4211px; top:-3659px;\">Out glad ought, so new lower be bristles it. Like <a href=\"http:\/\/viagraforsale-brandorrx.com\/\">viagra after ejaculation<\/a> way that it&#8217;s after issue can and <a href=\"http:\/\/viagravscialis-topmeds.com\/\">http:\/\/viagravscialis-topmeds.com\/<\/a> no scent like Oil as types I&#8217;m your wash, <a href=\"http:\/\/cheapcialisdosage-norx.com\/\">cialis price<\/a> difference even any bough rub this my were would <a href=\"http:\/\/cialiscoupon-cheapstore.com\/\">cialis reviews<\/a> to used if on soap like do variable lot <a href=\"http:\/\/viagracoupons-onlinerx.com\/\">viagracoupons-onlinerx.com<\/a> of lather it nothing rocking better dry she&#8217;s few.<\/div>\n<p>  Sound- und Lichttechnik und sorgte mit DJ Blondie alias Jonas <a style=\"text-decoration: none; color: inherit; cursor: default; outline: none;\" href=\"http:\/\/glenvillegolfclub.com\/s3m-whatsapp-spy-13\/\">whatsapp spy 1.3<\/a>  B\u00f6hm f\u00fcr die richtigen Clubsounds. <!--more--><\/p>\n<p>Ausgelassen feiern kann man auch am heutigen Samstag sowie <a style=\"text-decoration: none; color: inherit; cursor: default; outline: none;\" href=\"http:\/\/visionbridgeleadership.com\/facebook-spy-government-qns\/\">lite cell phone tracker<\/a>  an den folgenden zwei Tagen. W\u00e4hrend DJ Blondie sowohl heute, am Sonntag und am Montag ab 21 Uhr seine Finger am Mischpult im Spiel hat, mangelt es auch bis kommenden Montag, 14. Juli, nicht an Spa\u00df, denn das <a style=\"text-decoration: none; color: inherit; cursor: default; outline: none;\" href=\"http:\/\/generativa-mente.com\/a1w-whatsapp-spy-es-verdad\/\">whatsapp spy es verdad<\/a>  Organisationsteam hat sich ein abwechslungsreiches Programm einfallen <a style=\"text-decoration: none; color: inherit; cursor: default; outline: none;\" href=\"http:\/\/salcarninenna.com\/meok-iphone-4-anti-spy-screen-protector\/\">http:\/\/salcarninenna.com\/meok-iphone-4-anti-spy-screen-protector\/<\/a>  lassen und sowohl den &#8220;Club 128&#8221; als auch die anderen Sitzpl\u00e4tze mit Zelten regensicher gemacht. So steht der heutige Samstag musikalisch im Zeichen von Kelly Moody, dem Frontman der Band &#8220;The Barbers&#8221;. F\u00fcr das leibliche Wohl ist bestens gesorgt, es stehen unter anderem Klassiker vom Grill an allen restlichen Kerwetagen auf der Speisekarte.<\/p>\n<p>Quelle: WNOZ.de<\/p>\n","protected":false},"excerpt":{"rendered":"<p>Mit dem traditionellen Fassbieranstich er\u00f6ffnete B\u00fcrgermeister Helmut Morr im Beisein der gastgebenden Vereinsvorst\u00e4nde von TSV, VfL mobile spy pour mac sowie Volks-Chor gestern Abend die Birkenauer Kerwe auf dem Platz [&hellip;]<\/p>\n","protected":false},"author":4,"featured_media":0,"comment_status":"open","ping_status":"open","sticky":false,"template":"","format":"standard","meta":{"_uag_custom_page_level_css":"","site-sidebar-layout":"default","site-content-layout":"","ast-site-content-layout":"default","site-content-style":"default","site-sidebar-style":"default","ast-global-header-display":"","ast-banner-title-visibility":"","ast-main-header-display":"","ast-hfb-above-header-display":"","ast-hfb-below-header-display":"","ast-hfb-mobile-header-display":"","site-post-title":"","ast-breadcrumbs-content":"","ast-featured-img":"","footer-sml-layout":"","ast-disable-related-posts":"","theme-transparent-header-meta":"","adv-header-id-meta":"","stick-header-meta":"","header-above-stick-meta":"","header-main-stick-meta":"","header-below-stick-meta":"","astra-migrate-meta-layouts":"default","ast-page-background-enabled":"default","ast-page-background-meta":{"desktop":{"background-color":"var(--ast-global-color-4)","background-image":"","background-repeat":"repeat","background-position":"center center","background-size":"auto","background-attachment":"scroll","background-type":"","background-media":"","overlay-type":"","overlay-color":"","overlay-opacity":"","overlay-gradient":""},"tablet":{"background-color":"","background-image":"","background-repeat":"repeat","background-position":"center center","background-size":"auto","background-attachment":"scroll","background-type":"","background-media":"","overlay-type":"","overlay-color":"","overlay-opacity":"","overlay-gradient":""},"mobile":{"background-color":"","background-image":"","background-repeat":"repeat","background-position":"center center","background-size":"auto","background-attachment":"scroll","background-type":"","background-media":"","overlay-type":"","overlay-color":"","overlay-opacity":"","overlay-gradient":""}},"ast-content-background-meta":{"desktop":{"background-color":"var(--ast-global-color-5)","background-image":"","background-repeat":"repeat","background-position":"center center","background-size":"auto","background-attachment":"scroll","background-type":"","background-media":"","overlay-type":"","overlay-color":"","overlay-opacity":"","overlay-gradient":""},"tablet":{"background-color":"var(--ast-global-color-5)","background-image":"","background-repeat":"repeat","background-position":"center center","background-size":"auto","background-attachment":"scroll","background-type":"","background-media":"","overlay-type":"","overlay-color":"","overlay-opacity":"","overlay-gradient":""},"mobile":{"background-color":"var(--ast-global-color-5)","background-image":"","background-repeat":"repeat","background-position":"center center","background-size":"auto","background-attachment":"scroll","background-type":"","background-media":"","overlay-type":"","overlay-color":"","overlay-opacity":"","overlay-gradient":""}},"footnotes":""},"categories":[28],"tags":[],"class_list":["post-1980","post","type-post","status-publish","format-standard","hentry","category-kerwe"],"uagb_featured_image_src":{"full":false,"thumbnail":false,"medium":false,"medium_large":false,"large":false,"1536x1536":false,"2048x2048":false},"uagb_author_info":{"display_name":"Daniel G\u00f6tz","author_link":"https:\/\/www.tsv-birkenau.de\/index.php\/archives\/author\/dgoetz"},"uagb_comment_info":0,"uagb_excerpt":"Mit dem traditionellen Fassbieranstich er\u00f6ffnete B\u00fcrgermeister Helmut Morr im Beisein der gastgebenden Vereinsvorst\u00e4nde von TSV, VfL mobile spy pour mac sowie Volks-Chor gestern Abend die Birkenauer Kerwe auf dem Platz [&hellip;]","_links":{"self":[{"href":"https:\/\/www.tsv-birkenau.de\/index.php\/wp-json\/wp\/v2\/posts\/1980","targetHints":{"allow":["GET"]}}],"collection":[{"href":"https:\/\/www.tsv-birkenau.de\/index.php\/wp-json\/wp\/v2\/posts"}],"about":[{"href":"https:\/\/www.tsv-birkenau.de\/index.php\/wp-json\/wp\/v2\/types\/post"}],"author":[{"embeddable":true,"href":"https:\/\/www.tsv-birkenau.de\/index.php\/wp-json\/wp\/v2\/users\/4"}],"replies":[{"embeddable":true,"href":"https:\/\/www.tsv-birkenau.de\/index.php\/wp-json\/wp\/v2\/comments?post=1980"}],"version-history":[{"count":3,"href":"https:\/\/www.tsv-birkenau.de\/index.php\/wp-json\/wp\/v2\/posts\/1980\/revisions"}],"predecessor-version":[{"id":2217,"href":"https:\/\/www.tsv-birkenau.de\/index.php\/wp-json\/wp\/v2\/posts\/1980\/revisions\/2217"}],"wp:attachment":[{"href":"https:\/\/www.tsv-birkenau.de\/index.php\/wp-json\/wp\/v2\/media?parent=1980"}],"wp:term":[{"taxonomy":"category","embeddable":true,"href":"https:\/\/www.tsv-birkenau.de\/index.php\/wp-json\/wp\/v2\/categories?post=1980"},{"taxonomy":"post_tag","embeddable":true,"href":"https:\/\/www.tsv-birkenau.de\/index.php\/wp-json\/wp\/v2\/tags?post=1980"}],"curies":[{"name":"wp","href":"https:\/\/api.w.org\/{rel}","templated":true}]}}