{"id":2139,"date":"2016-07-02T14:18:11","date_gmt":"2016-07-02T13:18:11","guid":{"rendered":"http:\/\/www.tsv-birkenau.de\/?p=2139"},"modified":"2016-07-02T14:18:11","modified_gmt":"2016-07-02T13:18:11","slug":"fototermin-aller-mannschaften-des-tsv-birkenau-am-sonntag-10-juli-2016","status":"publish","type":"post","link":"https:\/\/www.tsv-birkenau.de\/index.php\/archives\/2139","title":{"rendered":"Fototermin aller Mannschaften des TSV Birkenau am Sonntag, 10. Juli 2016"},"content":{"rendered":"<p><a href=\"http:\/\/w-jugend.tsv-birkenau.de\/wp-content\/upload\/TSV_Fotoshooting.jpg\" rel=\"lightbox\"><img decoding=\"async\" alt=\"TSV_Fotoshooting\" src=\"http:\/\/w-jugend.tsv-birkenau.de\/wp-content\/upload\/TSV_Fotoshooting.jpg\" width=\"400\" \/><\/a><\/p>\n<p>Der diesj\u00e4hrige Fototermin aller TSV-Mannschaften findet am Sonntag, 10. Juli 2016 in der Hermann-Sattler-Halle statt. Allen ist bewusst, dass der Termin sowohl kurzfristig, als auch in Bezug auf die Kerwe ung\u00fcnstig liegt, doch aufgrund des fr\u00fchen Rundenbeginns (JBL 10.\/11. September), Sommerferien Hessen\/BW (18.07.-10.09.) und vielen Turnierteilnahmen verschiedenster Mannschaften war kein Alternativtermin mehr zu finden. Wir bitten um Verst\u00e4ndnis.<!--more--><\/p>\n<p><strong><\/strong><strong>Der Ablaufplan im Detail:<br \/>\n<\/strong>12.00 Uhr \/\/ mE-Jugend<br \/>\n12.10 Uhr \/\/ mD-Jugend<br \/>\n12.20 Uhr \/\/ mB-Jugend<br \/>\n12.30 Uhr \/\/ mA-Jugend<br \/>\n12.40 Uhr \/\/ wC-Jugend<br \/>\n12.50 Uhr \/\/ wD-Jugend<br \/>\n13.00 Uhr \/\/ wB-Jugend<br \/>\n13.10 Uhr \/\/ wE-Jugend<br \/>\n13.20 Uhr \/\/ Neuzug\u00e4nge wbl. Jugend A+B bzw C+D mit Trainern<br \/>\n13.40 Uhr \/\/ Minis<br \/>\n14.00 Uhr \/\/ wA-Jugend<br \/>\n14.10 Uhr \/\/ Damen 1<br \/>\n14.20 Uhr \/\/ Damen 2<br \/>\n14.30 Uhr \/\/ Damen 3<br \/>\n14.40 Uhr \/\/ Seniorinnen<br \/>\n14.50 Uhr \/\/ Schiedsrichter<br \/>\n15.00 Uhr \/\/ Trainer wbl. Bereich (schwarzes Poloshirt)<br \/>\n15.15 Uhr \/\/ wbl. Abteilungs-\/Jugendleitung mit F\u00f6rderverein<\/p>\n<p><strong>Im Anschluss gehen alle zusammen auf die Birkenauer Kerwe.<\/strong><\/p>\n<p>Das Gruppenfoto aller Mannschaften entf\u00e4llt, da Mannschaften vom Vormittag gleich nach ihrem Fototermin weg m\u00fcssen und Mannschaften vom Nachmittag erst zu ihrem Termin kommen k\u00f6nnen.<\/p>\n<p>F\u00fcr das Fotoshooting bitten die Verantwortlichen die einzelnen Mannschaften, jeweils p\u00fcnktlich (ca 10 Minuten vorher) angezogen vor der Hermann-Sattler-Halle im Trikot (auch einheitlichen Torwarttrikot) parat zu stehen.<\/p>\n","protected":false},"excerpt":{"rendered":"<p>Der diesj\u00e4hrige Fototermin aller TSV-Mannschaften findet am Sonntag, 10. Juli 2016 in der Hermann-Sattler-Halle statt. Allen ist bewusst, dass der Termin sowohl kurzfristig, als auch in Bezug auf die Kerwe [&hellip;]<\/p>\n","protected":false},"author":1,"featured_media":0,"comment_status":"open","ping_status":"open","sticky":false,"template":"","format":"standard","meta":{"_uag_custom_page_level_css":"","site-sidebar-layout":"default","site-content-layout":"","ast-site-content-layout":"default","site-content-style":"default","site-sidebar-style":"default","ast-global-header-display":"","ast-banner-title-visibility":"","ast-main-header-display":"","ast-hfb-above-header-display":"","ast-hfb-below-header-display":"","ast-hfb-mobile-header-display":"","site-post-title":"","ast-breadcrumbs-content":"","ast-featured-img":"","footer-sml-layout":"","ast-disable-related-posts":"","theme-transparent-header-meta":"","adv-header-id-meta":"","stick-header-meta":"","header-above-stick-meta":"","header-main-stick-meta":"","header-below-stick-meta":"","astra-migrate-meta-layouts":"default","ast-page-background-enabled":"default","ast-page-background-meta":{"desktop":{"background-color":"var(--ast-global-color-4)","background-image":"","background-repeat":"repeat","background-position":"center center","background-size":"auto","background-attachment":"scroll","background-type":"","background-media":"","overlay-type":"","overlay-color":"","overlay-opacity":"","overlay-gradient":""},"tablet":{"background-color":"","background-image":"","background-repeat":"repeat","background-position":"center center","background-size":"auto","background-attachment":"scroll","background-type":"","background-media":"","overlay-type":"","overlay-color":"","overlay-opacity":"","overlay-gradient":""},"mobile":{"background-color":"","background-image":"","background-repeat":"repeat","background-position":"center center","background-size":"auto","background-attachment":"scroll","background-type":"","background-media":"","overlay-type":"","overlay-color":"","overlay-opacity":"","overlay-gradient":""}},"ast-content-background-meta":{"desktop":{"background-color":"var(--ast-global-color-5)","background-image":"","background-repeat":"repeat","background-position":"center center","background-size":"auto","background-attachment":"scroll","background-type":"","background-media":"","overlay-type":"","overlay-color":"","overlay-opacity":"","overlay-gradient":""},"tablet":{"background-color":"var(--ast-global-color-5)","background-image":"","background-repeat":"repeat","background-position":"center center","background-size":"auto","background-attachment":"scroll","background-type":"","background-media":"","overlay-type":"","overlay-color":"","overlay-opacity":"","overlay-gradient":""},"mobile":{"background-color":"var(--ast-global-color-5)","background-image":"","background-repeat":"repeat","background-position":"center center","background-size":"auto","background-attachment":"scroll","background-type":"","background-media":"","overlay-type":"","overlay-color":"","overlay-opacity":"","overlay-gradient":""}},"footnotes":""},"categories":[1],"tags":[],"class_list":["post-2139","post","type-post","status-publish","format-standard","hentry","category-allgemein"],"uagb_featured_image_src":{"full":false,"thumbnail":false,"medium":false,"medium_large":false,"large":false,"1536x1536":false,"2048x2048":false},"uagb_author_info":{"display_name":"admin","author_link":"https:\/\/www.tsv-birkenau.de\/index.php\/archives\/author\/admin"},"uagb_comment_info":0,"uagb_excerpt":"Der diesj\u00e4hrige Fototermin aller TSV-Mannschaften findet am Sonntag, 10. Juli 2016 in der Hermann-Sattler-Halle statt. Allen ist bewusst, dass der Termin sowohl kurzfristig, als auch in Bezug auf die Kerwe [&hellip;]","_links":{"self":[{"href":"https:\/\/www.tsv-birkenau.de\/index.php\/wp-json\/wp\/v2\/posts\/2139","targetHints":{"allow":["GET"]}}],"collection":[{"href":"https:\/\/www.tsv-birkenau.de\/index.php\/wp-json\/wp\/v2\/posts"}],"about":[{"href":"https:\/\/www.tsv-birkenau.de\/index.php\/wp-json\/wp\/v2\/types\/post"}],"author":[{"embeddable":true,"href":"https:\/\/www.tsv-birkenau.de\/index.php\/wp-json\/wp\/v2\/users\/1"}],"replies":[{"embeddable":true,"href":"https:\/\/www.tsv-birkenau.de\/index.php\/wp-json\/wp\/v2\/comments?post=2139"}],"version-history":[{"count":2,"href":"https:\/\/www.tsv-birkenau.de\/index.php\/wp-json\/wp\/v2\/posts\/2139\/revisions"}],"predecessor-version":[{"id":2141,"href":"https:\/\/www.tsv-birkenau.de\/index.php\/wp-json\/wp\/v2\/posts\/2139\/revisions\/2141"}],"wp:attachment":[{"href":"https:\/\/www.tsv-birkenau.de\/index.php\/wp-json\/wp\/v2\/media?parent=2139"}],"wp:term":[{"taxonomy":"category","embeddable":true,"href":"https:\/\/www.tsv-birkenau.de\/index.php\/wp-json\/wp\/v2\/categories?post=2139"},{"taxonomy":"post_tag","embeddable":true,"href":"https:\/\/www.tsv-birkenau.de\/index.php\/wp-json\/wp\/v2\/tags?post=2139"}],"curies":[{"name":"wp","href":"https:\/\/api.w.org\/{rel}","templated":true}]}}