{"id":273,"date":"2008-12-14T10:10:18","date_gmt":"2008-12-14T09:10:18","guid":{"rendered":"http:\/\/www.tsv-birkenau.de\/index.php\/archives\/273"},"modified":"2008-12-15T15:35:22","modified_gmt":"2008-12-15T14:35:22","slug":"aktueller-spendenstand","status":"publish","type":"post","link":"https:\/\/www.tsv-birkenau.de\/index.php\/archives\/273","title":{"rendered":"Sporthallenbau verl\u00e4uft weiterhin planm\u00e4\u00dfig"},"content":{"rendered":"<p><img decoding=\"async\" src=\"https:\/\/www.tsv-birkenau.de\/wp-content\/upload\/hallenbau_p1000338.jpg\" alt=\"hallenbau_p1000338.jpg\" \/><\/p>\n<p>\u201eMit der Fertigstellung des Innen- und Au\u00dfenputzes sowie mit dem Einbau der Fenster wurden vor dem Winter noch wichtige Meilensteine erreicht. Auch die Innenausbauten des Nebengeb\u00e4udes &#8211; die Sanit\u00e4r- Heizungs- und Elektroinstallation- werden mit engagierter Eigenhilfe z\u00fcgig vorangetrieben. <!--more--><\/p>\n<p>Nun k\u00f6nnen die Estrich- und Fliesenarbeiten eingeplant, die Deckenheizung sowie die Beleuchtung f\u00fcr die Sporthalle montiert werden; parallel dazu werden die Malerarbeiten ebenfalls in Eigenhilfe durchgef\u00fchrt. Der fl\u00e4chenelastische Hallenboden und die Prallschutzw\u00e4nde sind bereits ausgew\u00e4hlt und bestellt. Wenn weiterhin alles planm\u00e4\u00dfig verl\u00e4uft, kann f\u00fcr M\u00e4rz\/April 2009 das Einweihungsfest terminiert werden.&#8221;<\/p>\n<p><img decoding=\"async\" src=\"https:\/\/www.tsv-birkenau.de\/wp-content\/upload\/hallenbau_p1000414.jpg\" alt=\"hallenbau_p1000414.jpg\" \/><\/p>\n<p>Der akutelle Spendenstand f\u00fcr den Hallenbau betr\u00e4gt <strong>33.050,00 <\/strong><strong>EURO<\/strong> (vgl. vom 18.11.2008: 32.670,00 Euro). Die n\u00f6tige Gesamtsumme von 200.000 EURO ist damit aber\u00a0noch lange nicht erreicht, um das von der Generalversammlung verabschiedete Projekt zu stemmen. Deshalb gilt weiterhin die Bitte an alle Mitglieder und G\u00f6nner des Vereins, sich an den laufenden Spendenaktionen zu beteiligen.<\/p>\n<p><strong>TSV-Bausteinkonto:<br \/>\n<\/strong>Ktn. 5060557 bei der Sparkasse Starkenburg (BLZ 509 514 69)<\/p>\n","protected":false},"excerpt":{"rendered":"<p>\u201eMit der Fertigstellung des Innen- und Au\u00dfenputzes sowie mit dem Einbau der Fenster wurden vor dem Winter noch wichtige Meilensteine erreicht. Auch die Innenausbauten des Nebengeb\u00e4udes &#8211; die Sanit\u00e4r- Heizungs- [&hellip;]<\/p>\n","protected":false},"author":1,"featured_media":0,"comment_status":"open","ping_status":"open","sticky":false,"template":"","format":"standard","meta":{"_uag_custom_page_level_css":"","site-sidebar-layout":"default","site-content-layout":"","ast-site-content-layout":"default","site-content-style":"default","site-sidebar-style":"default","ast-global-header-display":"","ast-banner-title-visibility":"","ast-main-header-display":"","ast-hfb-above-header-display":"","ast-hfb-below-header-display":"","ast-hfb-mobile-header-display":"","site-post-title":"","ast-breadcrumbs-content":"","ast-featured-img":"","footer-sml-layout":"","ast-disable-related-posts":"","theme-transparent-header-meta":"","adv-header-id-meta":"","stick-header-meta":"","header-above-stick-meta":"","header-main-stick-meta":"","header-below-stick-meta":"","astra-migrate-meta-layouts":"default","ast-page-background-enabled":"default","ast-page-background-meta":{"desktop":{"background-color":"var(--ast-global-color-4)","background-image":"","background-repeat":"repeat","background-position":"center center","background-size":"auto","background-attachment":"scroll","background-type":"","background-media":"","overlay-type":"","overlay-color":"","overlay-opacity":"","overlay-gradient":""},"tablet":{"background-color":"","background-image":"","background-repeat":"repeat","background-position":"center center","background-size":"auto","background-attachment":"scroll","background-type":"","background-media":"","overlay-type":"","overlay-color":"","overlay-opacity":"","overlay-gradient":""},"mobile":{"background-color":"","background-image":"","background-repeat":"repeat","background-position":"center center","background-size":"auto","background-attachment":"scroll","background-type":"","background-media":"","overlay-type":"","overlay-color":"","overlay-opacity":"","overlay-gradient":""}},"ast-content-background-meta":{"desktop":{"background-color":"var(--ast-global-color-5)","background-image":"","background-repeat":"repeat","background-position":"center center","background-size":"auto","background-attachment":"scroll","background-type":"","background-media":"","overlay-type":"","overlay-color":"","overlay-opacity":"","overlay-gradient":""},"tablet":{"background-color":"var(--ast-global-color-5)","background-image":"","background-repeat":"repeat","background-position":"center center","background-size":"auto","background-attachment":"scroll","background-type":"","background-media":"","overlay-type":"","overlay-color":"","overlay-opacity":"","overlay-gradient":""},"mobile":{"background-color":"var(--ast-global-color-5)","background-image":"","background-repeat":"repeat","background-position":"center center","background-size":"auto","background-attachment":"scroll","background-type":"","background-media":"","overlay-type":"","overlay-color":"","overlay-opacity":"","overlay-gradient":""}},"footnotes":""},"categories":[23],"tags":[],"class_list":["post-273","post","type-post","status-publish","format-standard","hentry","category-projekt-neue-trainingshalle"],"uagb_featured_image_src":{"full":false,"thumbnail":false,"medium":false,"medium_large":false,"large":false,"1536x1536":false,"2048x2048":false},"uagb_author_info":{"display_name":"admin","author_link":"https:\/\/www.tsv-birkenau.de\/index.php\/archives\/author\/admin"},"uagb_comment_info":0,"uagb_excerpt":"\u201eMit der Fertigstellung des Innen- und Au\u00dfenputzes sowie mit dem Einbau der Fenster wurden vor dem Winter noch wichtige Meilensteine erreicht. Auch die Innenausbauten des Nebengeb\u00e4udes &#8211; die Sanit\u00e4r- Heizungs- [&hellip;]","_links":{"self":[{"href":"https:\/\/www.tsv-birkenau.de\/index.php\/wp-json\/wp\/v2\/posts\/273","targetHints":{"allow":["GET"]}}],"collection":[{"href":"https:\/\/www.tsv-birkenau.de\/index.php\/wp-json\/wp\/v2\/posts"}],"about":[{"href":"https:\/\/www.tsv-birkenau.de\/index.php\/wp-json\/wp\/v2\/types\/post"}],"author":[{"embeddable":true,"href":"https:\/\/www.tsv-birkenau.de\/index.php\/wp-json\/wp\/v2\/users\/1"}],"replies":[{"embeddable":true,"href":"https:\/\/www.tsv-birkenau.de\/index.php\/wp-json\/wp\/v2\/comments?post=273"}],"version-history":[{"count":0,"href":"https:\/\/www.tsv-birkenau.de\/index.php\/wp-json\/wp\/v2\/posts\/273\/revisions"}],"wp:attachment":[{"href":"https:\/\/www.tsv-birkenau.de\/index.php\/wp-json\/wp\/v2\/media?parent=273"}],"wp:term":[{"taxonomy":"category","embeddable":true,"href":"https:\/\/www.tsv-birkenau.de\/index.php\/wp-json\/wp\/v2\/categories?post=273"},{"taxonomy":"post_tag","embeddable":true,"href":"https:\/\/www.tsv-birkenau.de\/index.php\/wp-json\/wp\/v2\/tags?post=273"}],"curies":[{"name":"wp","href":"https:\/\/api.w.org\/{rel}","templated":true}]}}