{"id":2775,"date":"2020-04-19T16:35:27","date_gmt":"2020-04-19T15:35:27","guid":{"rendered":"http:\/\/www.tsv-birkenau.de\/?p=2775"},"modified":"2020-04-19T16:35:28","modified_gmt":"2020-04-19T15:35:28","slug":"wichtige-corona-info-bezueglich-trainingsbetrieb-und-hallenschliessungen","status":"publish","type":"post","link":"https:\/\/www.tsv-birkenau.de\/index.php\/archives\/2775","title":{"rendered":"Wichtige Corona-Info bez\u00fcglich Trainingsbetrieb und Hallenschlie\u00dfungen"},"content":{"rendered":"\n<figure class=\"wp-block-image\"><img loading=\"lazy\" decoding=\"async\" width=\"475\" height=\"268\" src=\"https:\/\/www.tsv-birkenau.de\/wp-content\/upload\/tsv-corona.png\" alt=\"\" class=\"wp-image-2776\" srcset=\"https:\/\/www.tsv-birkenau.de\/wp-content\/upload\/tsv-corona.png 475w, https:\/\/www.tsv-birkenau.de\/wp-content\/upload\/tsv-corona-300x169.png 300w\" sizes=\"auto, (max-width: 475px) 100vw, 475px\" \/><\/figure>\n\n\n<p>\n<!--StartFragment--><\/p>\n\n\n<p>Aufgrund der weiterhin geltenden Einschr\u00e4nkungen des \u00f6ffentlichen Lebens und der gebotenen Vorsicht finden weiterhin keine Trainingseinheiten und sonstige Veranstaltungen f\u00fcr alle Bereiche im TSV statt. Daneben bleiben auf Anordnung der Tr\u00e4ger unver\u00e4ndert die Hallen geschlossen.<\/p>\n\n\n\n<p>Sobald bez\u00fcglich der Sportvereine \u00d6ffnungen der Regeln abzusehen sind,\nwerden wir Euch informieren! Wir halten uns hier strikt an die Vorgaben der\nVerb\u00e4nde und werden die weitere Entwicklung zeitnah beobachten.<br \/>\nFragen k\u00f6nnt ihr gerne an die Gesch\u00e4ftsstelle leiten. Sie werden dort im\nangemessenen Zeitrahmen aufgenommen und beantwortet.<\/p>\n\n\n\n<p>Danke f\u00fcr Eure Geduld und Unterst\u00fctzung! Und denkt dran: <br \/><strong>We Stay@Home!<\/strong><br \/> <\/p>\n\n\n\n<p><strong>Wichtige Info f\u00fcr die Handball-Jugendmannschaften:<\/strong><br \/> F\u00fcr die kommende Saison 2020\/2021 finden keine Qualifikationsturniere statt! <\/p>\n\n\n\n<p>\u201c Bez\u00fcglich der Staffelzusammensetzung wurde bereits eine Arbeitsgruppe\ninnerhalb des BHV zusammengestellt. Der BHV ist hier stark abh\u00e4ngig von dem\nVorgehen zur Bildung der Jugendbundesliga und der BWOL-Jugendspielklassen. Wie\nallj\u00e4hrlich wird die Staffelzusammensetzung sp\u00e4testens am 30. Juni feststehen.\n\u201e(Quelle: BHV)<\/p>\n\n\n\n<p>Der Vorstand des TSV Birkenau e.V.<\/p>\n\n\n<p><!--EndFragment--><\/p>","protected":false},"excerpt":{"rendered":"<p>Aufgrund der weiterhin geltenden Einschr\u00e4nkungen des \u00f6ffentlichen Lebens und der gebotenen Vorsicht finden weiterhin keine Trainingseinheiten und sonstige Veranstaltungen f\u00fcr alle Bereiche im TSV statt. Daneben bleiben auf Anordnung der [&hellip;]<\/p>\n","protected":false},"author":2,"featured_media":0,"comment_status":"closed","ping_status":"closed","sticky":false,"template":"","format":"standard","meta":{"_uag_custom_page_level_css":"","site-sidebar-layout":"default","site-content-layout":"","ast-site-content-layout":"default","site-content-style":"default","site-sidebar-style":"default","ast-global-header-display":"","ast-banner-title-visibility":"","ast-main-header-display":"","ast-hfb-above-header-display":"","ast-hfb-below-header-display":"","ast-hfb-mobile-header-display":"","site-post-title":"","ast-breadcrumbs-content":"","ast-featured-img":"","footer-sml-layout":"","ast-disable-related-posts":"","theme-transparent-header-meta":"","adv-header-id-meta":"","stick-header-meta":"","header-above-stick-meta":"","header-main-stick-meta":"","header-below-stick-meta":"","astra-migrate-meta-layouts":"default","ast-page-background-enabled":"default","ast-page-background-meta":{"desktop":{"background-color":"var(--ast-global-color-4)","background-image":"","background-repeat":"repeat","background-position":"center center","background-size":"auto","background-attachment":"scroll","background-type":"","background-media":"","overlay-type":"","overlay-color":"","overlay-opacity":"","overlay-gradient":""},"tablet":{"background-color":"","background-image":"","background-repeat":"repeat","background-position":"center center","background-size":"auto","background-attachment":"scroll","background-type":"","background-media":"","overlay-type":"","overlay-color":"","overlay-opacity":"","overlay-gradient":""},"mobile":{"background-color":"","background-image":"","background-repeat":"repeat","background-position":"center center","background-size":"auto","background-attachment":"scroll","background-type":"","background-media":"","overlay-type":"","overlay-color":"","overlay-opacity":"","overlay-gradient":""}},"ast-content-background-meta":{"desktop":{"background-color":"var(--ast-global-color-5)","background-image":"","background-repeat":"repeat","background-position":"center center","background-size":"auto","background-attachment":"scroll","background-type":"","background-media":"","overlay-type":"","overlay-color":"","overlay-opacity":"","overlay-gradient":""},"tablet":{"background-color":"var(--ast-global-color-5)","background-image":"","background-repeat":"repeat","background-position":"center center","background-size":"auto","background-attachment":"scroll","background-type":"","background-media":"","overlay-type":"","overlay-color":"","overlay-opacity":"","overlay-gradient":""},"mobile":{"background-color":"var(--ast-global-color-5)","background-image":"","background-repeat":"repeat","background-position":"center center","background-size":"auto","background-attachment":"scroll","background-type":"","background-media":"","overlay-type":"","overlay-color":"","overlay-opacity":"","overlay-gradient":""}},"footnotes":""},"categories":[1],"tags":[],"class_list":["post-2775","post","type-post","status-publish","format-standard","hentry","category-allgemein"],"uagb_featured_image_src":{"full":false,"thumbnail":false,"medium":false,"medium_large":false,"large":false,"1536x1536":false,"2048x2048":false},"uagb_author_info":{"display_name":"Paul B\u00f6hm","author_link":"https:\/\/www.tsv-birkenau.de\/index.php\/archives\/author\/pboehm"},"uagb_comment_info":0,"uagb_excerpt":"Aufgrund der weiterhin geltenden Einschr\u00e4nkungen des \u00f6ffentlichen Lebens und der gebotenen Vorsicht finden weiterhin keine Trainingseinheiten und sonstige Veranstaltungen f\u00fcr alle Bereiche im TSV statt. Daneben bleiben auf Anordnung der [&hellip;]","_links":{"self":[{"href":"https:\/\/www.tsv-birkenau.de\/index.php\/wp-json\/wp\/v2\/posts\/2775","targetHints":{"allow":["GET"]}}],"collection":[{"href":"https:\/\/www.tsv-birkenau.de\/index.php\/wp-json\/wp\/v2\/posts"}],"about":[{"href":"https:\/\/www.tsv-birkenau.de\/index.php\/wp-json\/wp\/v2\/types\/post"}],"author":[{"embeddable":true,"href":"https:\/\/www.tsv-birkenau.de\/index.php\/wp-json\/wp\/v2\/users\/2"}],"replies":[{"embeddable":true,"href":"https:\/\/www.tsv-birkenau.de\/index.php\/wp-json\/wp\/v2\/comments?post=2775"}],"version-history":[{"count":2,"href":"https:\/\/www.tsv-birkenau.de\/index.php\/wp-json\/wp\/v2\/posts\/2775\/revisions"}],"predecessor-version":[{"id":2778,"href":"https:\/\/www.tsv-birkenau.de\/index.php\/wp-json\/wp\/v2\/posts\/2775\/revisions\/2778"}],"wp:attachment":[{"href":"https:\/\/www.tsv-birkenau.de\/index.php\/wp-json\/wp\/v2\/media?parent=2775"}],"wp:term":[{"taxonomy":"category","embeddable":true,"href":"https:\/\/www.tsv-birkenau.de\/index.php\/wp-json\/wp\/v2\/categories?post=2775"},{"taxonomy":"post_tag","embeddable":true,"href":"https:\/\/www.tsv-birkenau.de\/index.php\/wp-json\/wp\/v2\/tags?post=2775"}],"curies":[{"name":"wp","href":"https:\/\/api.w.org\/{rel}","templated":true}]}}