{"id":2976,"date":"2021-09-17T10:21:12","date_gmt":"2021-09-17T09:21:12","guid":{"rendered":"http:\/\/www.tsv-birkenau.de\/?p=2976"},"modified":"2021-09-17T10:21:13","modified_gmt":"2021-09-17T09:21:13","slug":"karnoll-appelliert-an-die-mitglieder","status":"publish","type":"post","link":"https:\/\/www.tsv-birkenau.de\/index.php\/archives\/2976","title":{"rendered":"Karnoll appelliert an die Mitglieder"},"content":{"rendered":"\n<h4 class=\"wp-block-heading\">Zahlreiche Ehrungen pr\u00e4gen die Jahreshauptversammlung <\/h4>\n\n\n\n<figure class=\"wp-block-image is-resized\"><img loading=\"lazy\" decoding=\"async\" src=\"https:\/\/www.tsv-birkenau.de\/wp-content\/upload\/JHV-geehrte.jpg\" alt=\"\" class=\"wp-image-2977\" width=\"630\" height=\"214\" srcset=\"https:\/\/www.tsv-birkenau.de\/wp-content\/upload\/JHV-geehrte.jpg 567w, https:\/\/www.tsv-birkenau.de\/wp-content\/upload\/JHV-geehrte-300x102.jpg 300w\" sizes=\"auto, (max-width: 630px) 100vw, 630px\" \/><figcaption>Bild: Philipp Reimer<\/figcaption><\/figure>\n\n\n\n<p><em>Bericht: WN\/OZ vom 14.09.2021 mit Korrekturen<\/em> <\/p>\n\n\n\n<p>Birkenau. Der\nTSV Birkenau best\u00e4tigte seinen Vorstand im Amt. Werner Karnoll wurde als\nKassenwart und Paul B\u00f6hm als Schriftf\u00fchrer einstimmig wiedergew\u00e4hlt. Beide\n\u00fcbernehmen die Aufgaben des Zweiten Vorsitzenden Rainer Heckmann, der f\u00fcr eine\nweitere Legislaturperiode nicht zur Verf\u00fcgung stand.<\/p>\n\n\n\n<!--more-->\n\n\n\n<p>Heckmann begr\u00fc\u00dfte die Mitglieder des TSV in der\nLangenbergsporthalle zur Jahreshauptversammlung des Vereins. Unter den G\u00e4sten\nbefanden sich auch B\u00fcrgermeister Milan Mapplassary und dessen Amtsvorg\u00e4nger\nHelmut Morr. B\u00f6hm sagte, dass er zwar f\u00fcr eine weitere Legislaturperiode zur\nVerf\u00fcgung stehe, dennoch m\u00fcsse der TSV engagiertes Personal f\u00fcr die\nVorstandsarbeit gewinnen. Es m\u00fcssten Antworten gefunden werden, wie die\netablierten Vereinsstrukturen den derzeitigen Gegebenheiten anzupassen sind,\netwa durch das Verteilen der Verantwortung auf viele Schultern. Die Mitglieder\nw\u00e4hlten Sophie Platzer und Anna Kilian zu Kassenpr\u00fcfern.<\/p>\n\n\n\n<p><strong>Prognose sehr schwierig<\/strong><\/p>\n\n\n\n<p>Werner\nKarnoll war zuvor in seinem Bericht auf die Vereinsarbeit in den vergangenen\neineinhalb Jahren eingegangen, die auch f\u00fcr den Birkenauer Turn- und Sportverein ma\u00dfgeblich\nvon der Covid-19-Pandemie gepr\u00e4gt waren. Seit Mitte dieses Jahres ruhe der\nSpielbetrieb des TSV wieder, nachdem lediglich im vergangenen Herbst ein Sport-\nund Trainingsbetrieb m\u00f6glich gewesen sei. Eine Prognose f\u00fcr die laufende Saison\nzu geben, gestalte sich schwierig. Der Grund: Eine ge\u00e4nderte Klasseneinteilung,\naber auch personelle Ver\u00e4nderungen im Kader der TSV-Mannschaften. Karnoll\ninformierte die Mitglieder \u00fcber den Verkauf der Spielbetriebs-GmbH.<\/p>\n\n\n\n<p>Der\nSpielbetrieb der ersten Handballmannschaft sei ab der neuen Saison wieder ganz\nunter dem Dach des Vereins. Das f\u00fchre zu Einsparungen bei finanziellen Posten\nwie Lohn- und Finanzbuchhaltung und der Steuererkl\u00e4rungen, die sich auf rund\n5000 Euro belaufen h\u00e4tten. Ausreichend Handball-Schiedsrichter zu stellen, um\neventuellen Verbandsstrafen zu entgehen, dieses Thema sei erhalten geblieben\nund m\u00fcsse dringend bearbeitet werden.<\/p>\n\n\n\n<p><strong>Denger soll Gespr\u00e4che f\u00fchren<\/strong><\/p>\n\n\n\n<p>Bez\u00fcglich\nder Zukunft des vereinseigenen Gel\u00e4ndes, dem Sportplatz auf dem Tannenbuckel,\ninformierte Karnoll die Mitglieder, dass TSV-Ehrenpr\u00e4sident Peter Denger\nbeauftragt wurde, Gespr\u00e4che \u00fcber eine Folgenutzung oder einen Verkauf des\nGel\u00e4ndes zu f\u00fchren, das nicht mehr f\u00fcr sportliche Zwecke ben\u00f6tigt werde. W\u00fcrden\nsich konkrete Ans\u00e4tze f\u00fcr eine L\u00f6sung in dieser Frage ergeben, w\u00fcrden diese in\neiner Mitgliederversammlung vorgestellt und entschieden.<\/p>\n\n\n\n<p>Unerfreulich\nsei, dass immer weniger Mitglieder bereit seien, Verantwortung im Vorstand oder\nals Abteilungsleiter zu \u00fcbernehmen. \u201eWenn sich strukturell nichts \u00e4ndert, wird\ndas meine letzte Amtszeit sein\u201c, sagte Karnoll. Der TSV brauche Menschen, die\nin die Verantwortung gehen, ansonsten sei der Verein nicht zu erhalten.\nErfreulich hingegen sei die Fertigstellung des Gymnastikraumes im ehemaligen\nHallenbad, die dank einer Kooperation mit der Gemeinde und viel ehrenamtlichem\nEngagement gelungen sei.<\/p>\n\n\n\n<p>Ein\nGymnastikraum, der auch ein kleiner Teil der L\u00f6sung eines gro\u00dfen\ngesellschaftlichen Problems sein k\u00f6nnte, wie Ehrenpr\u00e4sident Denger ausf\u00fchrte.\nEr wies auf den Bewegungsmangel hin, der das Freizeitverhalten Kinder und\nJugendlicher derzeit pr\u00e4gten und von dem 80 Prozent der 6- bis 15-j\u00e4hrigen\nbetroffen seien.<\/p>\n\n\n\n<p>Denger\npl\u00e4dierte in diesem Zusammenhang daf\u00fcr, das Gel\u00e4nde um die Langenbergsporthalle\nals m\u00f6glichen Standort der derzeit diskutierten neuen Kindertagesst\u00e4tte in\nBetracht zu ziehen, beispielsweise durch eine bauliche Erweiterung der\ngemeindlichen Kindertagesst\u00e4tte \u201eKleine Strolche\u201c. Durch eine Kooperation des\nVereins und der Gemeinde k\u00f6nnten die Kindergartenkinder an diesem Standort die\nTrainingsm\u00f6glichkeiten in den Hallen nutzen und so ein zus\u00e4tzliches\nBewegungsangebot erhalten.<\/p>\n\n\n\n<p>Heckmann\ninformierte die Mitglieder \u00fcber eine Projektidee des Vorstands, die\nZusammenarbeit mit einem Studenten der Sport\u00f6konomie anzustreben. Innerhalb von\n18 Monaten sollen gemeinsam Konzepte zum Umgang mit der demografischen\nEntwicklung und den Vereinsstrukturen gefunden werden. uf <\/p>\n\n\n\n<p><strong>Ehrungen<\/strong><\/p>\n\n\n\n<p>Zum Ehrenmitglied\nwurden ernannt Christel Eschwey, Elfriede Brehm, Elke Denger, Gretel\nWittmershaus, Gertrud Winterbauer, Claus Heckmann, Dieter Jakob, Doris Stadler,\nGisela Fritsche, Hans Eschwey, Helga Denger, Liesel J\u00f6st, Margitta Berg,\nMichael Basler, Norbert Gerbig, Roland J\u00fcllich, Rudolf Etzdorf, Werner Unrath,\nWilli Schr\u00f6delsecker, Ute Zwipf<\/p>\n\n\n\n<p>75 -Jahre Mitgliedschaft: Georg Pfl\u00e4sterer<\/p>\n\n\n\n<p>70-Jahre\nMitgliedschaft: Dieter Klein, Frieder Gr\u00fcnwald, Fritz Kadel, Rudolf Schmitt,\nAlbert Korgitta, Gerhard Fuchs, Hans-Gerhard M\u00fcller, Hans-Juergen Sattler,\nHerbert Kober, Klaus Bechtold, Klaus F\u00e4ndrich, Nikolaus Stein, Ludwig M\u00fcller,\nSiegfried Kadel, Stephanie Weygoldt, Walter Stein, Werner Ziener, Willi\nSteffan, Wolfgang Stief, Wolf Dieter Becker<\/p>\n\n\n\n<p>60-Jahre\nMitgliedschaft: Gerda Stephan, Gisela Fritsche, Helmut Kinscherf, Hermann\nJakob, Manfred Erhard<\/p>\n\n\n\n<p>50-Jahre\nMitgliedschaft: Christel Eschwey, Elfriede Brehm, Elke Denger, Gretel\nWittmershaus, Hans-Werner Spilger, Karl Brehm, Thomas Ritzert, J\u00fcrgen Fischer,\nGertrud Winterbauer, Astrid Hoch, Brigitte Schneider, Doris Stadler, Elke\nMorgenstern-Morr, Ingrid Hofmann, Liesel J\u00f6st, Norbert Brehm, Rudolf Etzdorf,\nWilli Schr\u00f6delsecker<\/p>\n\n\n\n<p>25-Jahre\nMitgliedschaft: Andr\u00e9 Tritsch, Caroline Fey, Daniela Fey, Erik Fremr, Gerrit\nFey, Lisa Holland, Ute Teutsch, Carolin List, Darja List, Elke La\u00dflop, Klaus\nWolfrum, Laura J\u00fcllich, Rita List, Sascha Tritsch, Stefan Sauer, Thomas List,\nTobias List, Ursula Fritsch, Vanessa Falter<\/p>\n\n\n\n<p>Bericht:\nWN\/OZ vom 14.09.2021 mit Korrekturen <\/p>\n\n\n\n<div class=\"wp-block-file\"><a href=\"https:\/\/www.tsv-birkenau.de\/wp-content\/upload\/5-Auslage-zur-JHV-2021.pdf\">Auslage-zur-JHV-2021<\/a><a href=\"https:\/\/www.tsv-birkenau.de\/wp-content\/upload\/5-Auslage-zur-JHV-2021.pdf\" class=\"wp-block-file__button\" download>Herunterladen<\/a><\/div>\n\n\n\n<div class=\"wp-block-file\"><a href=\"https:\/\/www.tsv-birkenau.de\/wp-content\/upload\/4-Auslage-zur-JHV-2020.pdf\">Auslage-zur-JHV-2020<\/a><a href=\"https:\/\/www.tsv-birkenau.de\/wp-content\/upload\/4-Auslage-zur-JHV-2020.pdf\" class=\"wp-block-file__button\" download>Herunterladen<\/a><\/div>\n","protected":false},"excerpt":{"rendered":"<p>Zahlreiche Ehrungen pr\u00e4gen die Jahreshauptversammlung Bericht: WN\/OZ vom 14.09.2021 mit Korrekturen Birkenau. Der TSV Birkenau best\u00e4tigte seinen Vorstand im Amt. Werner Karnoll wurde als Kassenwart und Paul B\u00f6hm als Schriftf\u00fchrer [&hellip;]<\/p>\n","protected":false},"author":2,"featured_media":0,"comment_status":"open","ping_status":"open","sticky":false,"template":"","format":"standard","meta":{"_uag_custom_page_level_css":"","site-sidebar-layout":"default","site-content-layout":"","ast-site-content-layout":"default","site-content-style":"default","site-sidebar-style":"default","ast-global-header-display":"","ast-banner-title-visibility":"","ast-main-header-display":"","ast-hfb-above-header-display":"","ast-hfb-below-header-display":"","ast-hfb-mobile-header-display":"","site-post-title":"","ast-breadcrumbs-content":"","ast-featured-img":"","footer-sml-layout":"","ast-disable-related-posts":"","theme-transparent-header-meta":"","adv-header-id-meta":"","stick-header-meta":"","header-above-stick-meta":"","header-main-stick-meta":"","header-below-stick-meta":"","astra-migrate-meta-layouts":"default","ast-page-background-enabled":"default","ast-page-background-meta":{"desktop":{"background-color":"var(--ast-global-color-4)","background-image":"","background-repeat":"repeat","background-position":"center center","background-size":"auto","background-attachment":"scroll","background-type":"","background-media":"","overlay-type":"","overlay-color":"","overlay-opacity":"","overlay-gradient":""},"tablet":{"background-color":"","background-image":"","background-repeat":"repeat","background-position":"center center","background-size":"auto","background-attachment":"scroll","background-type":"","background-media":"","overlay-type":"","overlay-color":"","overlay-opacity":"","overlay-gradient":""},"mobile":{"background-color":"","background-image":"","background-repeat":"repeat","background-position":"center center","background-size":"auto","background-attachment":"scroll","background-type":"","background-media":"","overlay-type":"","overlay-color":"","overlay-opacity":"","overlay-gradient":""}},"ast-content-background-meta":{"desktop":{"background-color":"var(--ast-global-color-5)","background-image":"","background-repeat":"repeat","background-position":"center center","background-size":"auto","background-attachment":"scroll","background-type":"","background-media":"","overlay-type":"","overlay-color":"","overlay-opacity":"","overlay-gradient":""},"tablet":{"background-color":"var(--ast-global-color-5)","background-image":"","background-repeat":"repeat","background-position":"center center","background-size":"auto","background-attachment":"scroll","background-type":"","background-media":"","overlay-type":"","overlay-color":"","overlay-opacity":"","overlay-gradient":""},"mobile":{"background-color":"var(--ast-global-color-5)","background-image":"","background-repeat":"repeat","background-position":"center center","background-size":"auto","background-attachment":"scroll","background-type":"","background-media":"","overlay-type":"","overlay-color":"","overlay-opacity":"","overlay-gradient":""}},"footnotes":""},"categories":[1],"tags":[],"class_list":["post-2976","post","type-post","status-publish","format-standard","hentry","category-allgemein"],"uagb_featured_image_src":{"full":false,"thumbnail":false,"medium":false,"medium_large":false,"large":false,"1536x1536":false,"2048x2048":false},"uagb_author_info":{"display_name":"Paul B\u00f6hm","author_link":"https:\/\/www.tsv-birkenau.de\/index.php\/archives\/author\/pboehm"},"uagb_comment_info":1,"uagb_excerpt":"Zahlreiche Ehrungen pr\u00e4gen die Jahreshauptversammlung Bericht: WN\/OZ vom 14.09.2021 mit Korrekturen Birkenau. Der TSV Birkenau best\u00e4tigte seinen Vorstand im Amt. Werner Karnoll wurde als Kassenwart und Paul B\u00f6hm als Schriftf\u00fchrer [&hellip;]","_links":{"self":[{"href":"https:\/\/www.tsv-birkenau.de\/index.php\/wp-json\/wp\/v2\/posts\/2976","targetHints":{"allow":["GET"]}}],"collection":[{"href":"https:\/\/www.tsv-birkenau.de\/index.php\/wp-json\/wp\/v2\/posts"}],"about":[{"href":"https:\/\/www.tsv-birkenau.de\/index.php\/wp-json\/wp\/v2\/types\/post"}],"author":[{"embeddable":true,"href":"https:\/\/www.tsv-birkenau.de\/index.php\/wp-json\/wp\/v2\/users\/2"}],"replies":[{"embeddable":true,"href":"https:\/\/www.tsv-birkenau.de\/index.php\/wp-json\/wp\/v2\/comments?post=2976"}],"version-history":[{"count":3,"href":"https:\/\/www.tsv-birkenau.de\/index.php\/wp-json\/wp\/v2\/posts\/2976\/revisions"}],"predecessor-version":[{"id":2982,"href":"https:\/\/www.tsv-birkenau.de\/index.php\/wp-json\/wp\/v2\/posts\/2976\/revisions\/2982"}],"wp:attachment":[{"href":"https:\/\/www.tsv-birkenau.de\/index.php\/wp-json\/wp\/v2\/media?parent=2976"}],"wp:term":[{"taxonomy":"category","embeddable":true,"href":"https:\/\/www.tsv-birkenau.de\/index.php\/wp-json\/wp\/v2\/categories?post=2976"},{"taxonomy":"post_tag","embeddable":true,"href":"https:\/\/www.tsv-birkenau.de\/index.php\/wp-json\/wp\/v2\/tags?post=2976"}],"curies":[{"name":"wp","href":"https:\/\/api.w.org\/{rel}","templated":true}]}}