{"id":2984,"date":"2021-10-20T12:04:02","date_gmt":"2021-10-20T11:04:02","guid":{"rendered":"http:\/\/www.tsv-birkenau.de\/?p=2984"},"modified":"2021-10-20T12:04:03","modified_gmt":"2021-10-20T11:04:03","slug":"neuer-hatha-yoga-kurs-startet-beim-tsv","status":"publish","type":"post","link":"https:\/\/www.tsv-birkenau.de\/index.php\/archives\/2984","title":{"rendered":"Neuer Hatha-Yoga Kurs startet beim TSV"},"content":{"rendered":"\n<div class=\"wp-block-columns has-2-columns is-layout-flex wp-container-core-columns-is-layout-28f84493 wp-block-columns-is-layout-flex\">\n<div class=\"wp-block-column is-layout-flow wp-block-column-is-layout-flow\">\n<p>Nachdem der TSV Birkenau Margot Schmid als langj\u00e4hrige \u00dcbungsleiterin des Hatha-Yoga verabschiedet hat, ist es gelungen mit Stefanie Stengel eine \u00dcbungsleiterin f\u00fcr ein neues Yoga-Kursangebot zu finden. Stefanie Stengel bietet als ausgebildete Hatha-Yoga Lehrerin einen Kurs mit 8 \u00dcbungseinheiten zu je 90 Minuten mehrmals im Jahr an. Der erste Kurs soll am Dienstag, den 2.11.2021 zu der gewohnten Zeit von 9:00 bis 10:30 im Dorfgemeinschaftshaus in Nieder-Liebersbach beginnen. <\/p>\n\n\n\n<p><\/p>\n<\/div>\n\n\n\n<div class=\"wp-block-column is-layout-flow wp-block-column-is-layout-flow\">\n<figure class=\"wp-block-image is-resized\"><img loading=\"lazy\" decoding=\"async\" src=\"https:\/\/www.tsv-birkenau.de\/wp-content\/upload\/Hatha-Yoga-Stefanie-Stengel-1-535x1024.jpg\" alt=\"\" class=\"wp-image-2986\" width=\"141\" height=\"269\" srcset=\"https:\/\/www.tsv-birkenau.de\/wp-content\/upload\/Hatha-Yoga-Stefanie-Stengel-1-535x1024.jpg 535w, https:\/\/www.tsv-birkenau.de\/wp-content\/upload\/Hatha-Yoga-Stefanie-Stengel-1-157x300.jpg 157w, https:\/\/www.tsv-birkenau.de\/wp-content\/upload\/Hatha-Yoga-Stefanie-Stengel-1.jpg 627w\" sizes=\"auto, (max-width: 141px) 100vw, 141px\" \/><figcaption>Hatha-Yoga Lehrerin<br \/>Stefanie Stengel<\/figcaption><\/figure>\n\n\n\n<p><\/p>\n<\/div>\n<\/div>\n\n\n<p>Anmeldungen werden auf der TSV-Gesch\u00e4ftsstelle per e-Mail <a href=\"mailto:info@tsv-birkenau.de\">info@tsv-birkenau.de<\/a>&nbsp; oder telefonisch 06201-379905 entgegengenommen. <br data-rich-text-line-break=\"true\"\/>Weiter Informationen zum Gesundheitssport erhalten sie \u00fcber Heike Dubois de Lucet, e-Mail <a href=\"mailto:Heike@tsv-birkenau.de\">Heike@tsv-birkenau.de<\/a><\/p>","protected":false},"excerpt":{"rendered":"<p>Nachdem der TSV Birkenau Margot Schmid als langj\u00e4hrige \u00dcbungsleiterin des Hatha-Yoga verabschiedet hat, ist es gelungen mit Stefanie Stengel eine \u00dcbungsleiterin f\u00fcr ein neues Yoga-Kursangebot zu finden. Stefanie Stengel bietet [&hellip;]<\/p>\n","protected":false},"author":2,"featured_media":0,"comment_status":"open","ping_status":"open","sticky":false,"template":"","format":"standard","meta":{"_uag_custom_page_level_css":"","site-sidebar-layout":"default","site-content-layout":"","ast-site-content-layout":"default","site-content-style":"default","site-sidebar-style":"default","ast-global-header-display":"","ast-banner-title-visibility":"","ast-main-header-display":"","ast-hfb-above-header-display":"","ast-hfb-below-header-display":"","ast-hfb-mobile-header-display":"","site-post-title":"","ast-breadcrumbs-content":"","ast-featured-img":"","footer-sml-layout":"","ast-disable-related-posts":"","theme-transparent-header-meta":"","adv-header-id-meta":"","stick-header-meta":"","header-above-stick-meta":"","header-main-stick-meta":"","header-below-stick-meta":"","astra-migrate-meta-layouts":"default","ast-page-background-enabled":"default","ast-page-background-meta":{"desktop":{"background-color":"var(--ast-global-color-4)","background-image":"","background-repeat":"repeat","background-position":"center center","background-size":"auto","background-attachment":"scroll","background-type":"","background-media":"","overlay-type":"","overlay-color":"","overlay-opacity":"","overlay-gradient":""},"tablet":{"background-color":"","background-image":"","background-repeat":"repeat","background-position":"center center","background-size":"auto","background-attachment":"scroll","background-type":"","background-media":"","overlay-type":"","overlay-color":"","overlay-opacity":"","overlay-gradient":""},"mobile":{"background-color":"","background-image":"","background-repeat":"repeat","background-position":"center center","background-size":"auto","background-attachment":"scroll","background-type":"","background-media":"","overlay-type":"","overlay-color":"","overlay-opacity":"","overlay-gradient":""}},"ast-content-background-meta":{"desktop":{"background-color":"var(--ast-global-color-5)","background-image":"","background-repeat":"repeat","background-position":"center center","background-size":"auto","background-attachment":"scroll","background-type":"","background-media":"","overlay-type":"","overlay-color":"","overlay-opacity":"","overlay-gradient":""},"tablet":{"background-color":"var(--ast-global-color-5)","background-image":"","background-repeat":"repeat","background-position":"center center","background-size":"auto","background-attachment":"scroll","background-type":"","background-media":"","overlay-type":"","overlay-color":"","overlay-opacity":"","overlay-gradient":""},"mobile":{"background-color":"var(--ast-global-color-5)","background-image":"","background-repeat":"repeat","background-position":"center center","background-size":"auto","background-attachment":"scroll","background-type":"","background-media":"","overlay-type":"","overlay-color":"","overlay-opacity":"","overlay-gradient":""}},"footnotes":""},"categories":[1],"tags":[],"class_list":["post-2984","post","type-post","status-publish","format-standard","hentry","category-allgemein"],"uagb_featured_image_src":{"full":false,"thumbnail":false,"medium":false,"medium_large":false,"large":false,"1536x1536":false,"2048x2048":false},"uagb_author_info":{"display_name":"Paul B\u00f6hm","author_link":"https:\/\/www.tsv-birkenau.de\/index.php\/archives\/author\/pboehm"},"uagb_comment_info":0,"uagb_excerpt":"Nachdem der TSV Birkenau Margot Schmid als langj\u00e4hrige \u00dcbungsleiterin des Hatha-Yoga verabschiedet hat, ist es gelungen mit Stefanie Stengel eine \u00dcbungsleiterin f\u00fcr ein neues Yoga-Kursangebot zu finden. Stefanie Stengel bietet [&hellip;]","_links":{"self":[{"href":"https:\/\/www.tsv-birkenau.de\/index.php\/wp-json\/wp\/v2\/posts\/2984","targetHints":{"allow":["GET"]}}],"collection":[{"href":"https:\/\/www.tsv-birkenau.de\/index.php\/wp-json\/wp\/v2\/posts"}],"about":[{"href":"https:\/\/www.tsv-birkenau.de\/index.php\/wp-json\/wp\/v2\/types\/post"}],"author":[{"embeddable":true,"href":"https:\/\/www.tsv-birkenau.de\/index.php\/wp-json\/wp\/v2\/users\/2"}],"replies":[{"embeddable":true,"href":"https:\/\/www.tsv-birkenau.de\/index.php\/wp-json\/wp\/v2\/comments?post=2984"}],"version-history":[{"count":4,"href":"https:\/\/www.tsv-birkenau.de\/index.php\/wp-json\/wp\/v2\/posts\/2984\/revisions"}],"predecessor-version":[{"id":2990,"href":"https:\/\/www.tsv-birkenau.de\/index.php\/wp-json\/wp\/v2\/posts\/2984\/revisions\/2990"}],"wp:attachment":[{"href":"https:\/\/www.tsv-birkenau.de\/index.php\/wp-json\/wp\/v2\/media?parent=2984"}],"wp:term":[{"taxonomy":"category","embeddable":true,"href":"https:\/\/www.tsv-birkenau.de\/index.php\/wp-json\/wp\/v2\/categories?post=2984"},{"taxonomy":"post_tag","embeddable":true,"href":"https:\/\/www.tsv-birkenau.de\/index.php\/wp-json\/wp\/v2\/tags?post=2984"}],"curies":[{"name":"wp","href":"https:\/\/api.w.org\/{rel}","templated":true}]}}