{"id":304,"date":"2008-10-13T16:12:21","date_gmt":"2008-10-13T14:12:21","guid":{"rendered":"http:\/\/www.tsv-birkenau.de\/index.php\/archives\/304"},"modified":"2008-10-13T16:13:28","modified_gmt":"2008-10-13T14:13:28","slug":"trainingshalle-des-tsv-hat-ein-dach-ueber-dem-kopf","status":"publish","type":"post","link":"https:\/\/www.tsv-birkenau.de\/index.php\/archives\/304","title":{"rendered":"Trainingshalle hat ein Dach \u00fcber dem Kopf"},"content":{"rendered":"<p><img decoding=\"async\" width=\"400\" src=\"https:\/\/www.tsv-birkenau.de\/wp-content\/upload\/tsv_halle.jpg\" alt=\"tsv_halle.jpg\" \/><br \/>\nWeniger als ein halbes Jahr nach dem ersten Spatenstich am Langenberg stie\u00dfen TSV Pr\u00e4sident Peter Denger und Vizepr\u00e4sident Werner Stief anl\u00e4sslich des Richtfestes der neuen Sportst\u00e4tte mit dem traditionellen Schluck First-Bier auf das Ende des einen Bauabschnitts und l\u00e4uteten den Beginn des neuen ein.<!--more--><\/p>\n<p>Zu den Bauarbeitern ihrer Firma gesellten sich auch Hermann und Gregor Sattler. Der Kreis, der den Bau ma\u00dfgeblich unterst\u00fctzt, wurde durch Wolfgang F\u00fctterer vertreten. Die Zimmerleute Markus Stache und Robin Stein tranken ein Glas Wein auf das Wohl des neuen Hauses des Sports am Langenberg und w\u00fcnschten dem Geb\u00e4ude in ihrem Richtspruch, dass es von Schaden immer gesch\u00fctzt sein m\u00f6ge. Damit dem auch so bleibt, daf\u00fcr sorgt ab sofort die Dach-Konstruktion in Sandwich-Bauweise, die auf sechs starken Holzbindern ruht, die das Innere der Halle optisch pr\u00e4gen. Zwischen einer oberen und einer unteren Zinkblech-Schicht sorgt derweil eine zehn Zentimeter dicke Isolierungs-Schicht auch in kalten Monaten f\u00fcr ausreichend W\u00e4rme.<\/p>\n<p>Pr\u00e4sident Denger bedankte sich f\u00fcr die &#8220;reibungslose und immer gute&#8221; Zusammenarbeit , und auch Werner Stief sagte Worte des Dankes und erinnerte an die letzten Monate. Am Ende der Feier halfen Steaks, Salate, kalte Getr\u00e4nke und Kaffee und Kuchen mit, diesem besonderen Arbeitstag einen entspannten Ausklang zu verleihen (wir berichten noch). uf<\/p>\n<p><em>(WN-Artikel vom: 11.10.2008)<\/em><\/p>\n","protected":false},"excerpt":{"rendered":"<p>Weniger als ein halbes Jahr nach dem ersten Spatenstich am Langenberg stie\u00dfen TSV Pr\u00e4sident Peter Denger und Vizepr\u00e4sident Werner Stief anl\u00e4sslich des Richtfestes der neuen Sportst\u00e4tte mit dem traditionellen Schluck [&hellip;]<\/p>\n","protected":false},"author":1,"featured_media":0,"comment_status":"open","ping_status":"open","sticky":false,"template":"","format":"standard","meta":{"_uag_custom_page_level_css":"","site-sidebar-layout":"default","site-content-layout":"","ast-site-content-layout":"default","site-content-style":"default","site-sidebar-style":"default","ast-global-header-display":"","ast-banner-title-visibility":"","ast-main-header-display":"","ast-hfb-above-header-display":"","ast-hfb-below-header-display":"","ast-hfb-mobile-header-display":"","site-post-title":"","ast-breadcrumbs-content":"","ast-featured-img":"","footer-sml-layout":"","ast-disable-related-posts":"","theme-transparent-header-meta":"","adv-header-id-meta":"","stick-header-meta":"","header-above-stick-meta":"","header-main-stick-meta":"","header-below-stick-meta":"","astra-migrate-meta-layouts":"default","ast-page-background-enabled":"default","ast-page-background-meta":{"desktop":{"background-color":"var(--ast-global-color-4)","background-image":"","background-repeat":"repeat","background-position":"center center","background-size":"auto","background-attachment":"scroll","background-type":"","background-media":"","overlay-type":"","overlay-color":"","overlay-opacity":"","overlay-gradient":""},"tablet":{"background-color":"","background-image":"","background-repeat":"repeat","background-position":"center center","background-size":"auto","background-attachment":"scroll","background-type":"","background-media":"","overlay-type":"","overlay-color":"","overlay-opacity":"","overlay-gradient":""},"mobile":{"background-color":"","background-image":"","background-repeat":"repeat","background-position":"center center","background-size":"auto","background-attachment":"scroll","background-type":"","background-media":"","overlay-type":"","overlay-color":"","overlay-opacity":"","overlay-gradient":""}},"ast-content-background-meta":{"desktop":{"background-color":"var(--ast-global-color-5)","background-image":"","background-repeat":"repeat","background-position":"center center","background-size":"auto","background-attachment":"scroll","background-type":"","background-media":"","overlay-type":"","overlay-color":"","overlay-opacity":"","overlay-gradient":""},"tablet":{"background-color":"var(--ast-global-color-5)","background-image":"","background-repeat":"repeat","background-position":"center center","background-size":"auto","background-attachment":"scroll","background-type":"","background-media":"","overlay-type":"","overlay-color":"","overlay-opacity":"","overlay-gradient":""},"mobile":{"background-color":"var(--ast-global-color-5)","background-image":"","background-repeat":"repeat","background-position":"center center","background-size":"auto","background-attachment":"scroll","background-type":"","background-media":"","overlay-type":"","overlay-color":"","overlay-opacity":"","overlay-gradient":""}},"footnotes":""},"categories":[1,25],"tags":[],"class_list":["post-304","post","type-post","status-publish","format-standard","hentry","category-allgemein","category-presse"],"uagb_featured_image_src":{"full":false,"thumbnail":false,"medium":false,"medium_large":false,"large":false,"1536x1536":false,"2048x2048":false},"uagb_author_info":{"display_name":"admin","author_link":"https:\/\/www.tsv-birkenau.de\/index.php\/archives\/author\/admin"},"uagb_comment_info":0,"uagb_excerpt":"Weniger als ein halbes Jahr nach dem ersten Spatenstich am Langenberg stie\u00dfen TSV Pr\u00e4sident Peter Denger und Vizepr\u00e4sident Werner Stief anl\u00e4sslich des Richtfestes der neuen Sportst\u00e4tte mit dem traditionellen Schluck [&hellip;]","_links":{"self":[{"href":"https:\/\/www.tsv-birkenau.de\/index.php\/wp-json\/wp\/v2\/posts\/304","targetHints":{"allow":["GET"]}}],"collection":[{"href":"https:\/\/www.tsv-birkenau.de\/index.php\/wp-json\/wp\/v2\/posts"}],"about":[{"href":"https:\/\/www.tsv-birkenau.de\/index.php\/wp-json\/wp\/v2\/types\/post"}],"author":[{"embeddable":true,"href":"https:\/\/www.tsv-birkenau.de\/index.php\/wp-json\/wp\/v2\/users\/1"}],"replies":[{"embeddable":true,"href":"https:\/\/www.tsv-birkenau.de\/index.php\/wp-json\/wp\/v2\/comments?post=304"}],"version-history":[{"count":0,"href":"https:\/\/www.tsv-birkenau.de\/index.php\/wp-json\/wp\/v2\/posts\/304\/revisions"}],"wp:attachment":[{"href":"https:\/\/www.tsv-birkenau.de\/index.php\/wp-json\/wp\/v2\/media?parent=304"}],"wp:term":[{"taxonomy":"category","embeddable":true,"href":"https:\/\/www.tsv-birkenau.de\/index.php\/wp-json\/wp\/v2\/categories?post=304"},{"taxonomy":"post_tag","embeddable":true,"href":"https:\/\/www.tsv-birkenau.de\/index.php\/wp-json\/wp\/v2\/tags?post=304"}],"curies":[{"name":"wp","href":"https:\/\/api.w.org\/{rel}","templated":true}]}}