{"id":3577,"date":"2024-12-05T15:14:49","date_gmt":"2024-12-05T14:14:49","guid":{"rendered":"https:\/\/www.tsv-birkenau.de\/?p=3577"},"modified":"2024-12-05T15:17:10","modified_gmt":"2024-12-05T14:17:10","slug":"der-tsv-birkenau-trauert-um-seinen-ehrenpraesidenten-peter-denger","status":"publish","type":"post","link":"https:\/\/www.tsv-birkenau.de\/index.php\/archives\/3577","title":{"rendered":"Der TSV Birkenau trauert um seinen Ehrenpr\u00e4sidenten Peter Denger"},"content":{"rendered":"\n<div class=\"wp-block-media-text is-stacked-on-mobile is-vertically-aligned-top\" style=\"grid-template-columns:28% auto\"><figure class=\"wp-block-media-text__media\"><img loading=\"lazy\" decoding=\"async\" width=\"644\" height=\"1024\" src=\"https:\/\/www.tsv-birkenau.de\/wp-content\/upload\/sw-Peter-Denger_BirkeTSV04-04-06-2021-644x1024.jpg\" alt=\"\" class=\"wp-image-3578 size-full\" srcset=\"https:\/\/www.tsv-birkenau.de\/wp-content\/upload\/sw-Peter-Denger_BirkeTSV04-04-06-2021-644x1024.jpg 644w, https:\/\/www.tsv-birkenau.de\/wp-content\/upload\/sw-Peter-Denger_BirkeTSV04-04-06-2021-189x300.jpg 189w, https:\/\/www.tsv-birkenau.de\/wp-content\/upload\/sw-Peter-Denger_BirkeTSV04-04-06-2021.jpg 755w\" sizes=\"auto, (max-width: 644px) 100vw, 644px\" \/><\/figure><div class=\"wp-block-media-text__content\">\n<p>Noch im letzten Jahr konnte der TSV Birkenau Peter Dengers 80. Geburtstag mit einem Empfang im evangelischen Gemeindezentrum geb\u00fchrend feiern. Danach wurde es still um Peter. Er hatte mit vielen Erkrankungen zu k\u00e4mpfen von denen er sich nicht erholte. Von der Familie erfuhren wir, dass Peter Denger am Morgen des 29. November f\u00fcr immer friedlich eingeschlafen ist.<\/p>\n\n\n\n<p>Mit Peter Denger verliert der TSV Birkenau eine au\u00dfergew\u00f6hnliche F\u00fchrungspers\u00f6nlichkeit, die den TSV Birkenau \u00fcber nahezu vier Jahrzehnte gepr\u00e4gt hat.<\/p>\n<\/div><\/div>\n\n\n\n<!--more-->\n\n\n\n<p>In den TSV eingetreten ist er 1952 mit 9 Jahren. Als talentierter Ausdauersportler hat er sich danach auf den Laufsport konzentriert und wurde unter anderem im 1000-Meter-Lauf badischer Jugendmeister. Seine Handballkarriere begann als Torh\u00fcter in der A-Jugend, mit der er zahlreiche Meisterschaften erringen konnte. Aufgrund seiner hervorragenden Leistungen wurde er in die Auswahlmannschaften des Kreises Mannheim und des Badischen Handballverbandes berufen.<\/p>\n\n\n\n<p>Peter Denger war Gr\u00fcndungsmitglied der Ib-Mannschaft, mit der er Aufstiege bis zur Landesliga feiern konnte. Im Schatten von Nationaltorh\u00fcter Rathjen, der in den 1960er-Jahren f\u00fcr den TSV spielte, hat er als zweiter Torwart an zahlreichen Meisterschaftsspielen der ersten Mannschaft teilgenommen. Dar\u00fcber hinaus erwarb er als \u00dcbungsleiter die A- und B-Lizenz.<\/p>\n\n\n\n<p>Als Gr\u00fcndungsmitglied der Radsportabteilung war er auch der Initiator der ersten Ausfahrten. Unvergessen ist die Fahrt zu den Olympischen Spielen 1992 nach Barcelona. Aus dem Training zu solchen Ausfahrten haben sich die \u201eOrtschildsprinter\u201c gebildet.<\/p>\n\n\n\n<p>Sein ehrenamtliches Engagement erstreckte sich vom Jugendleiter Handball, stellvertretenden Abteilungsleiter und Vorsitzender des F\u00f6rdervereins bis zur \u00dcbernahme der Gesamtverantwortung als Pr\u00e4sident des TSV Birkenau von 2004 bis 2012 in einer schwierigen Zeit als der Verein nur noch kommissarisch gef\u00fchrt wurde. 2013 ernannte der TSV ihn zu seinem Ehrenpr\u00e4sidenten, zum einzigen in der \u00fcber 135 Jahre w\u00e4hrenden Geschichte des Vereins. Seit dieser Zeit hatte er bis zuletzt auch den Vorsitz des TSV-\u00c4ltestenrats inne.<\/p>\n\n\n\n<p>\u201cSich in die Gemeinschaft einbringen, Verantwortung und F\u00fchrung \u00fcbernehmen\u201c, mit diesem Leitsatz war er f\u00fcr den TSV erfolgreich t\u00e4tig. Zahlreiche Projekte trugen seine Handschrift. Der Umbau des Hallenbades in einen Gymnastikraum und vor allem der Bau der vereinseigenen Trainingshalle w\u00e4re ohne seine Initiative, Beharrlichkeit und Zielstrebigkeit nie durchgef\u00fchrt worden.<\/p>\n\n\n\n<p>Ein besonderes Anliegen war ihm, den Gesundheitssport, sowohl f\u00fcr Kinder als auch f\u00fcr Senioren, neu zu beleben und auszuweiten. Mit der Birkenauer Bewegungsschule (BiBs) hat der TSV heute ein Angebot f\u00fcr die Kleinsten, das \u00fcber den reinen Handball hinausgeht.<\/p>\n\n\n\n<p>Ein Herzenswunsch von Peter in den letzten Jahren war es auch, dass es wieder eine Kinderweihnachtsfeier geben soll, so wie fr\u00fcher. Dies ist uns dieses Jahr unter Leitung des BiBs-Teams gelungen. Sie fand am letzten Sonntag in der Langenberghalle statt. Schade, dass Peter dies nicht mehr erleben durfte.<\/p>\n\n\n\n<p>Als Freund, wichtigen Ratgeber und Ehrenpr\u00e4sidenten mit wegweisenden Impulsen werden wir Peter Denger schmerzlich vermissen.<\/p>\n\n\n\n<p>Der TSV wird ihm ein ehrendes Andenken bewahren.<\/p>\n\n\n\n<p>Bericht: Paul B\u00f6hm<\/p>\n","protected":false},"excerpt":{"rendered":"<p>Noch im letzten Jahr konnte der TSV Birkenau Peter Dengers 80. Geburtstag mit einem Empfang im evangelischen Gemeindezentrum geb\u00fchrend feiern. Danach wurde es still um Peter. Er hatte mit vielen [&hellip;]<\/p>\n","protected":false},"author":2,"featured_media":0,"comment_status":"closed","ping_status":"closed","sticky":false,"template":"","format":"standard","meta":{"_uag_custom_page_level_css":"","site-sidebar-layout":"default","site-content-layout":"","ast-site-content-layout":"default","site-content-style":"default","site-sidebar-style":"default","ast-global-header-display":"","ast-banner-title-visibility":"","ast-main-header-display":"","ast-hfb-above-header-display":"","ast-hfb-below-header-display":"","ast-hfb-mobile-header-display":"","site-post-title":"","ast-breadcrumbs-content":"","ast-featured-img":"","footer-sml-layout":"","ast-disable-related-posts":"","theme-transparent-header-meta":"","adv-header-id-meta":"","stick-header-meta":"","header-above-stick-meta":"","header-main-stick-meta":"","header-below-stick-meta":"","astra-migrate-meta-layouts":"default","ast-page-background-enabled":"default","ast-page-background-meta":{"desktop":{"background-color":"var(--ast-global-color-4)","background-image":"","background-repeat":"repeat","background-position":"center center","background-size":"auto","background-attachment":"scroll","background-type":"","background-media":"","overlay-type":"","overlay-color":"","overlay-opacity":"","overlay-gradient":""},"tablet":{"background-color":"","background-image":"","background-repeat":"repeat","background-position":"center center","background-size":"auto","background-attachment":"scroll","background-type":"","background-media":"","overlay-type":"","overlay-color":"","overlay-opacity":"","overlay-gradient":""},"mobile":{"background-color":"","background-image":"","background-repeat":"repeat","background-position":"center center","background-size":"auto","background-attachment":"scroll","background-type":"","background-media":"","overlay-type":"","overlay-color":"","overlay-opacity":"","overlay-gradient":""}},"ast-content-background-meta":{"desktop":{"background-color":"var(--ast-global-color-5)","background-image":"","background-repeat":"repeat","background-position":"center center","background-size":"auto","background-attachment":"scroll","background-type":"","background-media":"","overlay-type":"","overlay-color":"","overlay-opacity":"","overlay-gradient":""},"tablet":{"background-color":"var(--ast-global-color-5)","background-image":"","background-repeat":"repeat","background-position":"center center","background-size":"auto","background-attachment":"scroll","background-type":"","background-media":"","overlay-type":"","overlay-color":"","overlay-opacity":"","overlay-gradient":""},"mobile":{"background-color":"var(--ast-global-color-5)","background-image":"","background-repeat":"repeat","background-position":"center center","background-size":"auto","background-attachment":"scroll","background-type":"","background-media":"","overlay-type":"","overlay-color":"","overlay-opacity":"","overlay-gradient":""}},"footnotes":""},"categories":[1],"tags":[],"class_list":["post-3577","post","type-post","status-publish","format-standard","hentry","category-allgemein"],"uagb_featured_image_src":{"full":false,"thumbnail":false,"medium":false,"medium_large":false,"large":false,"1536x1536":false,"2048x2048":false},"uagb_author_info":{"display_name":"Paul B\u00f6hm","author_link":"https:\/\/www.tsv-birkenau.de\/index.php\/archives\/author\/pboehm"},"uagb_comment_info":0,"uagb_excerpt":"Noch im letzten Jahr konnte der TSV Birkenau Peter Dengers 80. Geburtstag mit einem Empfang im evangelischen Gemeindezentrum geb\u00fchrend feiern. Danach wurde es still um Peter. Er hatte mit vielen [&hellip;]","_links":{"self":[{"href":"https:\/\/www.tsv-birkenau.de\/index.php\/wp-json\/wp\/v2\/posts\/3577","targetHints":{"allow":["GET"]}}],"collection":[{"href":"https:\/\/www.tsv-birkenau.de\/index.php\/wp-json\/wp\/v2\/posts"}],"about":[{"href":"https:\/\/www.tsv-birkenau.de\/index.php\/wp-json\/wp\/v2\/types\/post"}],"author":[{"embeddable":true,"href":"https:\/\/www.tsv-birkenau.de\/index.php\/wp-json\/wp\/v2\/users\/2"}],"replies":[{"embeddable":true,"href":"https:\/\/www.tsv-birkenau.de\/index.php\/wp-json\/wp\/v2\/comments?post=3577"}],"version-history":[{"count":3,"href":"https:\/\/www.tsv-birkenau.de\/index.php\/wp-json\/wp\/v2\/posts\/3577\/revisions"}],"predecessor-version":[{"id":3581,"href":"https:\/\/www.tsv-birkenau.de\/index.php\/wp-json\/wp\/v2\/posts\/3577\/revisions\/3581"}],"wp:attachment":[{"href":"https:\/\/www.tsv-birkenau.de\/index.php\/wp-json\/wp\/v2\/media?parent=3577"}],"wp:term":[{"taxonomy":"category","embeddable":true,"href":"https:\/\/www.tsv-birkenau.de\/index.php\/wp-json\/wp\/v2\/categories?post=3577"},{"taxonomy":"post_tag","embeddable":true,"href":"https:\/\/www.tsv-birkenau.de\/index.php\/wp-json\/wp\/v2\/tags?post=3577"}],"curies":[{"name":"wp","href":"https:\/\/api.w.org\/{rel}","templated":true}]}}