{"id":398,"date":"2009-03-24T10:51:52","date_gmt":"2009-03-24T09:51:52","guid":{"rendered":"http:\/\/www.tsv-birkenau.de\/?p=398"},"modified":"2009-03-24T14:46:56","modified_gmt":"2009-03-24T13:46:56","slug":"trainingshalle-in-den-letzten-zuegen","status":"publish","type":"post","link":"https:\/\/www.tsv-birkenau.de\/index.php\/archives\/398","title":{"rendered":"Einweihungsfeier am 03. April 2009"},"content":{"rendered":"<p><img loading=\"lazy\" decoding=\"async\" class=\"alignnone size-full wp-image-399\" title=\"dsc00181_web\" src=\"https:\/\/www.tsv-birkenau.de\/wp-content\/upload\/dsc00181_web.jpg\" alt=\"dsc00181_web\" width=\"400\" height=\"277\" srcset=\"https:\/\/www.tsv-birkenau.de\/wp-content\/upload\/dsc00181_web.jpg 400w, https:\/\/www.tsv-birkenau.de\/wp-content\/upload\/dsc00181_web-300x207.jpg 300w\" sizes=\"auto, (max-width: 400px) 100vw, 400px\" \/><\/p>\n<p>Am Freitag den 03. April um 19:00 Uhr ist es soweit, die neue TSV-Trainingshalle in Birkenau wird offiziell eingeweiht. Knapp ein Jahr nach dem Spatenstich kann nun die neue Halle f\u00fcr den Trainingsbetrieb des Sportvereins aus dem vorderen Odenwald freigegeben werden. Landrat Matthias Wilkes hat bereits zugesagt und wir freuen uns, dass die TSV Familie gemeinsam mit den Repr\u00e4sentanten aus Politik und Wirtschaft, dem Badischen Sportbund, der Langenbergschule, der Geb\u00e4udewirtschaft des Kreises Bergstra\u00dfe und den befreundeten Vereinen den Neubau w\u00fcrdigen. <!--more--><\/p>\n<p>Beim \u201eBunten Abend&#8221; wird das Ereignis geb\u00fchrend gefeiert. Ein kleines Programm wird den Abend auflockern, f\u00fcr Speisen und Getr\u00e4nke ist bestens gesorgt.<\/p>\n<p>Der Besuch zur Einweihungsfeier lohnt sich auch deshalb, weil die Firma Sattler GmbH, mit den Partnerfirmen und den ehrenamtlichen Helfern des TSV diese Halle in ein kleines Schmuckst\u00fcck verwandelt haben.<\/p>\n<p>Zus\u00e4tzlich zur Trainingshalle ist die neue TSV Gesch\u00e4ftsstelle entstanden. Dar\u00fcber hinaus wird im 1. OG ein gro\u00dfer heller Raum &#8211; mit herrlichem Ausblick auf Birkenau &#8211; von der Physiotherapiepraxis Michael und Daniela Fey mit hochmodernen Therapieger\u00e4ten genutzt werden.<\/p>\n<p>Es ist noch einiges an Arbeiten zu bew\u00e4ltigen; die Verantwortlichen sind aber \u00fcberzeugt, dass mit dem gro\u00dfen Engagement der TSV Helfer alles p\u00fcnktlich fertig gestellt werden kann.<\/p>\n<p>Der TSV l\u00e4dt hiermit alle Mitglieder, Freunde und G\u00f6nner des Vereins auf diesem Wege nochmals herzlich ein.<\/p>\n","protected":false},"excerpt":{"rendered":"<p>Am Freitag den 03. April um 19:00 Uhr ist es soweit, die neue TSV-Trainingshalle in Birkenau wird offiziell eingeweiht. Knapp ein Jahr nach dem Spatenstich kann nun die neue Halle [&hellip;]<\/p>\n","protected":false},"author":1,"featured_media":0,"comment_status":"open","ping_status":"open","sticky":false,"template":"","format":"standard","meta":{"_uag_custom_page_level_css":"","site-sidebar-layout":"default","site-content-layout":"","ast-site-content-layout":"default","site-content-style":"default","site-sidebar-style":"default","ast-global-header-display":"","ast-banner-title-visibility":"","ast-main-header-display":"","ast-hfb-above-header-display":"","ast-hfb-below-header-display":"","ast-hfb-mobile-header-display":"","site-post-title":"","ast-breadcrumbs-content":"","ast-featured-img":"","footer-sml-layout":"","ast-disable-related-posts":"","theme-transparent-header-meta":"","adv-header-id-meta":"","stick-header-meta":"","header-above-stick-meta":"","header-main-stick-meta":"","header-below-stick-meta":"","astra-migrate-meta-layouts":"default","ast-page-background-enabled":"default","ast-page-background-meta":{"desktop":{"background-color":"var(--ast-global-color-4)","background-image":"","background-repeat":"repeat","background-position":"center center","background-size":"auto","background-attachment":"scroll","background-type":"","background-media":"","overlay-type":"","overlay-color":"","overlay-opacity":"","overlay-gradient":""},"tablet":{"background-color":"","background-image":"","background-repeat":"repeat","background-position":"center center","background-size":"auto","background-attachment":"scroll","background-type":"","background-media":"","overlay-type":"","overlay-color":"","overlay-opacity":"","overlay-gradient":""},"mobile":{"background-color":"","background-image":"","background-repeat":"repeat","background-position":"center center","background-size":"auto","background-attachment":"scroll","background-type":"","background-media":"","overlay-type":"","overlay-color":"","overlay-opacity":"","overlay-gradient":""}},"ast-content-background-meta":{"desktop":{"background-color":"var(--ast-global-color-5)","background-image":"","background-repeat":"repeat","background-position":"center center","background-size":"auto","background-attachment":"scroll","background-type":"","background-media":"","overlay-type":"","overlay-color":"","overlay-opacity":"","overlay-gradient":""},"tablet":{"background-color":"var(--ast-global-color-5)","background-image":"","background-repeat":"repeat","background-position":"center center","background-size":"auto","background-attachment":"scroll","background-type":"","background-media":"","overlay-type":"","overlay-color":"","overlay-opacity":"","overlay-gradient":""},"mobile":{"background-color":"var(--ast-global-color-5)","background-image":"","background-repeat":"repeat","background-position":"center center","background-size":"auto","background-attachment":"scroll","background-type":"","background-media":"","overlay-type":"","overlay-color":"","overlay-opacity":"","overlay-gradient":""}},"footnotes":""},"categories":[1],"tags":[],"class_list":["post-398","post","type-post","status-publish","format-standard","hentry","category-allgemein"],"uagb_featured_image_src":{"full":false,"thumbnail":false,"medium":false,"medium_large":false,"large":false,"1536x1536":false,"2048x2048":false},"uagb_author_info":{"display_name":"admin","author_link":"https:\/\/www.tsv-birkenau.de\/index.php\/archives\/author\/admin"},"uagb_comment_info":0,"uagb_excerpt":"Am Freitag den 03. April um 19:00 Uhr ist es soweit, die neue TSV-Trainingshalle in Birkenau wird offiziell eingeweiht. Knapp ein Jahr nach dem Spatenstich kann nun die neue Halle [&hellip;]","_links":{"self":[{"href":"https:\/\/www.tsv-birkenau.de\/index.php\/wp-json\/wp\/v2\/posts\/398","targetHints":{"allow":["GET"]}}],"collection":[{"href":"https:\/\/www.tsv-birkenau.de\/index.php\/wp-json\/wp\/v2\/posts"}],"about":[{"href":"https:\/\/www.tsv-birkenau.de\/index.php\/wp-json\/wp\/v2\/types\/post"}],"author":[{"embeddable":true,"href":"https:\/\/www.tsv-birkenau.de\/index.php\/wp-json\/wp\/v2\/users\/1"}],"replies":[{"embeddable":true,"href":"https:\/\/www.tsv-birkenau.de\/index.php\/wp-json\/wp\/v2\/comments?post=398"}],"version-history":[{"count":4,"href":"https:\/\/www.tsv-birkenau.de\/index.php\/wp-json\/wp\/v2\/posts\/398\/revisions"}],"predecessor-version":[{"id":434,"href":"https:\/\/www.tsv-birkenau.de\/index.php\/wp-json\/wp\/v2\/posts\/398\/revisions\/434"}],"wp:attachment":[{"href":"https:\/\/www.tsv-birkenau.de\/index.php\/wp-json\/wp\/v2\/media?parent=398"}],"wp:term":[{"taxonomy":"category","embeddable":true,"href":"https:\/\/www.tsv-birkenau.de\/index.php\/wp-json\/wp\/v2\/categories?post=398"},{"taxonomy":"post_tag","embeddable":true,"href":"https:\/\/www.tsv-birkenau.de\/index.php\/wp-json\/wp\/v2\/tags?post=398"}],"curies":[{"name":"wp","href":"https:\/\/api.w.org\/{rel}","templated":true}]}}