{"id":4377,"date":"2025-08-20T09:33:24","date_gmt":"2025-08-20T08:33:24","guid":{"rendered":"https:\/\/www.tsv-birkenau.de\/?p=4377"},"modified":"2025-08-20T09:33:24","modified_gmt":"2025-08-20T08:33:24","slug":"einladung-zur-mitgliederversammlung","status":"publish","type":"post","link":"https:\/\/www.tsv-birkenau.de\/index.php\/archives\/4377","title":{"rendered":"Einladung zur Mitgliederversammlung"},"content":{"rendered":"\n<figure class=\"wp-block-image size-large\"><a href=\"https:\/\/www.tsv-birkenau.de\/wp-content\/upload\/grafik-13.png\"><img loading=\"lazy\" decoding=\"async\" width=\"1024\" height=\"368\" src=\"https:\/\/www.tsv-birkenau.de\/wp-content\/upload\/grafik-13-1024x368.png\" alt=\"\" class=\"wp-image-4378\" srcset=\"https:\/\/www.tsv-birkenau.de\/wp-content\/upload\/grafik-13-1024x368.png 1024w, https:\/\/www.tsv-birkenau.de\/wp-content\/upload\/grafik-13-300x108.png 300w, https:\/\/www.tsv-birkenau.de\/wp-content\/upload\/grafik-13-768x276.png 768w, https:\/\/www.tsv-birkenau.de\/wp-content\/upload\/grafik-13.png 1085w\" sizes=\"auto, (max-width: 1024px) 100vw, 1024px\" \/><\/a><\/figure>\n\n\n\n<p>Eingeladen sind alle Mitglieder des TSV Birkenau e.V.<br \/><br \/>Die Versammlung beginnt um <strong>19:30 Uhr<\/strong> und <br \/>findet im <strong>Feuerwehrger\u00e4tehaus <\/strong>in Birkenau statt.<\/p>\n\n\n\n<!--more-->\n\n\n\n<p>Auf der Tagesordnung stehen<\/p>\n\n\n\n<ol class=\"wp-block-list\">\n<li>Begr\u00fc\u00dfung<\/li>\n\n\n\n<li>Feststellung der ordnungsgem\u00e4\u00dfen Ladung und der Beschlussf\u00e4higkeit<\/li>\n\n\n\n<li>Gedenken unserer verstorbenen Mitglieder<\/li>\n\n\n\n<li>Ehrungen<\/li>\n\n\n\n<li>Bericht des Vorstandes, der Sprecher der Abteilungen und<br \/>Kassenbericht f\u00fcr das Gesch\u00e4ftsjahr 2024\/2025<\/li>\n\n\n\n<li>Bericht der Kassenpr\u00fcfer \/ Entlastung f\u00fcr das Gesch\u00e4ftsjahr 2024\/2025<\/li>\n\n\n\n<li>Wahl der Kassenpr\u00fcfer<\/li>\n\n\n\n<li>Antr\u00e4ge<\/li>\n\n\n\n<li>Verschiedenes<\/li>\n<\/ol>\n\n\n\n<p>Antr\u00e4ge an die Mitgliederversammlung sind bis sp\u00e4testens Freitag, den 29.08.2025 schriftlich an den Vorstand zu richten.<\/p>\n","protected":false},"excerpt":{"rendered":"<p>Eingeladen sind alle Mitglieder des TSV Birkenau e.V. Die Versammlung beginnt um 19:30 Uhr und findet im Feuerwehrger\u00e4tehaus in Birkenau statt.<\/p>\n","protected":false},"author":2,"featured_media":0,"comment_status":"closed","ping_status":"closed","sticky":false,"template":"","format":"standard","meta":{"_uag_custom_page_level_css":"","site-sidebar-layout":"default","site-content-layout":"","ast-site-content-layout":"default","site-content-style":"default","site-sidebar-style":"default","ast-global-header-display":"","ast-banner-title-visibility":"","ast-main-header-display":"","ast-hfb-above-header-display":"","ast-hfb-below-header-display":"","ast-hfb-mobile-header-display":"","site-post-title":"","ast-breadcrumbs-content":"","ast-featured-img":"","footer-sml-layout":"","ast-disable-related-posts":"","theme-transparent-header-meta":"","adv-header-id-meta":"","stick-header-meta":"","header-above-stick-meta":"","header-main-stick-meta":"","header-below-stick-meta":"","astra-migrate-meta-layouts":"default","ast-page-background-enabled":"default","ast-page-background-meta":{"desktop":{"background-color":"var(--ast-global-color-4)","background-image":"","background-repeat":"repeat","background-position":"center center","background-size":"auto","background-attachment":"scroll","background-type":"","background-media":"","overlay-type":"","overlay-color":"","overlay-opacity":"","overlay-gradient":""},"tablet":{"background-color":"","background-image":"","background-repeat":"repeat","background-position":"center center","background-size":"auto","background-attachment":"scroll","background-type":"","background-media":"","overlay-type":"","overlay-color":"","overlay-opacity":"","overlay-gradient":""},"mobile":{"background-color":"","background-image":"","background-repeat":"repeat","background-position":"center center","background-size":"auto","background-attachment":"scroll","background-type":"","background-media":"","overlay-type":"","overlay-color":"","overlay-opacity":"","overlay-gradient":""}},"ast-content-background-meta":{"desktop":{"background-color":"var(--ast-global-color-5)","background-image":"","background-repeat":"repeat","background-position":"center center","background-size":"auto","background-attachment":"scroll","background-type":"","background-media":"","overlay-type":"","overlay-color":"","overlay-opacity":"","overlay-gradient":""},"tablet":{"background-color":"var(--ast-global-color-5)","background-image":"","background-repeat":"repeat","background-position":"center center","background-size":"auto","background-attachment":"scroll","background-type":"","background-media":"","overlay-type":"","overlay-color":"","overlay-opacity":"","overlay-gradient":""},"mobile":{"background-color":"var(--ast-global-color-5)","background-image":"","background-repeat":"repeat","background-position":"center center","background-size":"auto","background-attachment":"scroll","background-type":"","background-media":"","overlay-type":"","overlay-color":"","overlay-opacity":"","overlay-gradient":""}},"footnotes":""},"categories":[1],"tags":[],"class_list":["post-4377","post","type-post","status-publish","format-standard","hentry","category-allgemein"],"uagb_featured_image_src":{"full":false,"thumbnail":false,"medium":false,"medium_large":false,"large":false,"1536x1536":false,"2048x2048":false},"uagb_author_info":{"display_name":"Paul B\u00f6hm","author_link":"https:\/\/www.tsv-birkenau.de\/index.php\/archives\/author\/pboehm"},"uagb_comment_info":0,"uagb_excerpt":"Eingeladen sind alle Mitglieder des TSV Birkenau e.V. Die Versammlung beginnt um 19:30 Uhr und findet im Feuerwehrger\u00e4tehaus in Birkenau statt.","_links":{"self":[{"href":"https:\/\/www.tsv-birkenau.de\/index.php\/wp-json\/wp\/v2\/posts\/4377","targetHints":{"allow":["GET"]}}],"collection":[{"href":"https:\/\/www.tsv-birkenau.de\/index.php\/wp-json\/wp\/v2\/posts"}],"about":[{"href":"https:\/\/www.tsv-birkenau.de\/index.php\/wp-json\/wp\/v2\/types\/post"}],"author":[{"embeddable":true,"href":"https:\/\/www.tsv-birkenau.de\/index.php\/wp-json\/wp\/v2\/users\/2"}],"replies":[{"embeddable":true,"href":"https:\/\/www.tsv-birkenau.de\/index.php\/wp-json\/wp\/v2\/comments?post=4377"}],"version-history":[{"count":1,"href":"https:\/\/www.tsv-birkenau.de\/index.php\/wp-json\/wp\/v2\/posts\/4377\/revisions"}],"predecessor-version":[{"id":4379,"href":"https:\/\/www.tsv-birkenau.de\/index.php\/wp-json\/wp\/v2\/posts\/4377\/revisions\/4379"}],"wp:attachment":[{"href":"https:\/\/www.tsv-birkenau.de\/index.php\/wp-json\/wp\/v2\/media?parent=4377"}],"wp:term":[{"taxonomy":"category","embeddable":true,"href":"https:\/\/www.tsv-birkenau.de\/index.php\/wp-json\/wp\/v2\/categories?post=4377"},{"taxonomy":"post_tag","embeddable":true,"href":"https:\/\/www.tsv-birkenau.de\/index.php\/wp-json\/wp\/v2\/tags?post=4377"}],"curies":[{"name":"wp","href":"https:\/\/api.w.org\/{rel}","templated":true}]}}