{"id":4391,"date":"2025-09-23T13:18:32","date_gmt":"2025-09-23T12:18:32","guid":{"rendered":"https:\/\/www.tsv-birkenau.de\/?p=4391"},"modified":"2025-09-23T13:18:32","modified_gmt":"2025-09-23T12:18:32","slug":"einweihung-peter-denger-platz-am-sonntag-19-10-25-1100","status":"publish","type":"post","link":"https:\/\/www.tsv-birkenau.de\/index.php\/archives\/4391","title":{"rendered":"Einweihung Peter-Denger-Platz am Sonntag 19.10.25 11:00"},"content":{"rendered":"\n<figure class=\"wp-block-image size-full\"><a href=\"https:\/\/www.tsv-birkenau.de\/wp-content\/upload\/Termin.jpg\"><img loading=\"lazy\" decoding=\"async\" width=\"962\" height=\"364\" src=\"https:\/\/www.tsv-birkenau.de\/wp-content\/upload\/Termin.jpg\" alt=\"\" class=\"wp-image-4392\" srcset=\"https:\/\/www.tsv-birkenau.de\/wp-content\/upload\/Termin.jpg 962w, https:\/\/www.tsv-birkenau.de\/wp-content\/upload\/Termin-300x114.jpg 300w, https:\/\/www.tsv-birkenau.de\/wp-content\/upload\/Termin-768x291.jpg 768w\" sizes=\"auto, (max-width: 962px) 100vw, 962px\" \/><\/a><\/figure>\n\n\n\n<p>Nun ist es so weit!<\/p>\n\n\n\n<p>Die Arbeiten am Peter-Denger-Platz sind bis auf zwei nachbestellte B\u00e4nke abgeschlossen, das Einweihungsfest kann am <strong>Sonntag, den 19. Oktober 2025 ab 11:00 <\/strong>stattfinden.<\/p>\n\n\n\n<p>Eingeladen sind alle Vereinsmitglieder des TSV Birkenau e.V., des F\u00f6rdervereins des TSV und des Vereins \u201eM\u00e4dels f\u00f6rdern\u201c e.V.<\/p>\n\n\n\n<!--more-->\n\n\n\n<p>Die Feier ist als Fr\u00fchschoppen mit Grillbratwurst-Stand, Sektbar und Kuchentheke geplant. Essen und Getr\u00e4nke werden zu moderaten Preisen angeboten.<\/p>\n\n\n\n<p>Als besondere G\u00e4ste laden wir Vertreter des Kreises, der Schule und der Gemeinde ein.<\/p>\n\n\n\n<p>Um planen zu k\u00f6nnen, bitten wir alle Teilnehmer sich \u00fcber die TSV Gesch\u00e4ftsstelle (Tel.:06201-379905, E-Mail: info@tsv-birkenau.de) <strong>bis zum 13.10.2025 anzumelden<\/strong>.<\/p>\n\n\n\n<p>Das Vereinsgremium des TSV Birkenau<\/p>\n\n\n\n<figure class=\"wp-block-image size-full is-resized\"><a href=\"https:\/\/www.tsv-birkenau.de\/wp-content\/upload\/P-D-P.jpg\"><img loading=\"lazy\" decoding=\"async\" width=\"409\" height=\"612\" src=\"https:\/\/www.tsv-birkenau.de\/wp-content\/upload\/P-D-P.jpg\" alt=\"\" class=\"wp-image-4394\" style=\"width:419px;height:auto\" srcset=\"https:\/\/www.tsv-birkenau.de\/wp-content\/upload\/P-D-P.jpg 409w, https:\/\/www.tsv-birkenau.de\/wp-content\/upload\/P-D-P-200x300.jpg 200w\" sizes=\"auto, (max-width: 409px) 100vw, 409px\" \/><\/a><\/figure>\n","protected":false},"excerpt":{"rendered":"<p>Nun ist es so weit! Die Arbeiten am Peter-Denger-Platz sind bis auf zwei nachbestellte B\u00e4nke abgeschlossen, das Einweihungsfest kann am Sonntag, den 19. Oktober 2025 ab 11:00 stattfinden. Eingeladen sind [&hellip;]<\/p>\n","protected":false},"author":2,"featured_media":0,"comment_status":"closed","ping_status":"closed","sticky":false,"template":"","format":"standard","meta":{"_uag_custom_page_level_css":"","site-sidebar-layout":"default","site-content-layout":"","ast-site-content-layout":"default","site-content-style":"default","site-sidebar-style":"default","ast-global-header-display":"","ast-banner-title-visibility":"","ast-main-header-display":"","ast-hfb-above-header-display":"","ast-hfb-below-header-display":"","ast-hfb-mobile-header-display":"","site-post-title":"","ast-breadcrumbs-content":"","ast-featured-img":"","footer-sml-layout":"","ast-disable-related-posts":"","theme-transparent-header-meta":"","adv-header-id-meta":"","stick-header-meta":"","header-above-stick-meta":"","header-main-stick-meta":"","header-below-stick-meta":"","astra-migrate-meta-layouts":"default","ast-page-background-enabled":"default","ast-page-background-meta":{"desktop":{"background-color":"var(--ast-global-color-4)","background-image":"","background-repeat":"repeat","background-position":"center center","background-size":"auto","background-attachment":"scroll","background-type":"","background-media":"","overlay-type":"","overlay-color":"","overlay-opacity":"","overlay-gradient":""},"tablet":{"background-color":"","background-image":"","background-repeat":"repeat","background-position":"center center","background-size":"auto","background-attachment":"scroll","background-type":"","background-media":"","overlay-type":"","overlay-color":"","overlay-opacity":"","overlay-gradient":""},"mobile":{"background-color":"","background-image":"","background-repeat":"repeat","background-position":"center center","background-size":"auto","background-attachment":"scroll","background-type":"","background-media":"","overlay-type":"","overlay-color":"","overlay-opacity":"","overlay-gradient":""}},"ast-content-background-meta":{"desktop":{"background-color":"var(--ast-global-color-5)","background-image":"","background-repeat":"repeat","background-position":"center center","background-size":"auto","background-attachment":"scroll","background-type":"","background-media":"","overlay-type":"","overlay-color":"","overlay-opacity":"","overlay-gradient":""},"tablet":{"background-color":"var(--ast-global-color-5)","background-image":"","background-repeat":"repeat","background-position":"center center","background-size":"auto","background-attachment":"scroll","background-type":"","background-media":"","overlay-type":"","overlay-color":"","overlay-opacity":"","overlay-gradient":""},"mobile":{"background-color":"var(--ast-global-color-5)","background-image":"","background-repeat":"repeat","background-position":"center center","background-size":"auto","background-attachment":"scroll","background-type":"","background-media":"","overlay-type":"","overlay-color":"","overlay-opacity":"","overlay-gradient":""}},"footnotes":""},"categories":[1],"tags":[],"class_list":["post-4391","post","type-post","status-publish","format-standard","hentry","category-allgemein"],"uagb_featured_image_src":{"full":false,"thumbnail":false,"medium":false,"medium_large":false,"large":false,"1536x1536":false,"2048x2048":false},"uagb_author_info":{"display_name":"Paul B\u00f6hm","author_link":"https:\/\/www.tsv-birkenau.de\/index.php\/archives\/author\/pboehm"},"uagb_comment_info":0,"uagb_excerpt":"Nun ist es so weit! Die Arbeiten am Peter-Denger-Platz sind bis auf zwei nachbestellte B\u00e4nke abgeschlossen, das Einweihungsfest kann am Sonntag, den 19. Oktober 2025 ab 11:00 stattfinden. Eingeladen sind [&hellip;]","_links":{"self":[{"href":"https:\/\/www.tsv-birkenau.de\/index.php\/wp-json\/wp\/v2\/posts\/4391","targetHints":{"allow":["GET"]}}],"collection":[{"href":"https:\/\/www.tsv-birkenau.de\/index.php\/wp-json\/wp\/v2\/posts"}],"about":[{"href":"https:\/\/www.tsv-birkenau.de\/index.php\/wp-json\/wp\/v2\/types\/post"}],"author":[{"embeddable":true,"href":"https:\/\/www.tsv-birkenau.de\/index.php\/wp-json\/wp\/v2\/users\/2"}],"replies":[{"embeddable":true,"href":"https:\/\/www.tsv-birkenau.de\/index.php\/wp-json\/wp\/v2\/comments?post=4391"}],"version-history":[{"count":2,"href":"https:\/\/www.tsv-birkenau.de\/index.php\/wp-json\/wp\/v2\/posts\/4391\/revisions"}],"predecessor-version":[{"id":4395,"href":"https:\/\/www.tsv-birkenau.de\/index.php\/wp-json\/wp\/v2\/posts\/4391\/revisions\/4395"}],"wp:attachment":[{"href":"https:\/\/www.tsv-birkenau.de\/index.php\/wp-json\/wp\/v2\/media?parent=4391"}],"wp:term":[{"taxonomy":"category","embeddable":true,"href":"https:\/\/www.tsv-birkenau.de\/index.php\/wp-json\/wp\/v2\/categories?post=4391"},{"taxonomy":"post_tag","embeddable":true,"href":"https:\/\/www.tsv-birkenau.de\/index.php\/wp-json\/wp\/v2\/tags?post=4391"}],"curies":[{"name":"wp","href":"https:\/\/api.w.org\/{rel}","templated":true}]}}