{"id":972,"date":"2010-05-17T08:31:05","date_gmt":"2010-05-17T07:31:05","guid":{"rendered":"http:\/\/www.tsv-birkenau.de\/?p=972"},"modified":"2010-05-18T16:56:56","modified_gmt":"2010-05-18T15:56:56","slug":"birkenauer-besuchen-benelux-lander","status":"publish","type":"post","link":"https:\/\/www.tsv-birkenau.de\/index.php\/archives\/972","title":{"rendered":"Birkenauer besuchen Benelux-L\u00e4nder"},"content":{"rendered":"<p><img loading=\"lazy\" decoding=\"async\" class=\"alignnone size-full wp-image-973\" title=\"ah-birkenau\" src=\"https:\/\/www.tsv-birkenau.de\/wp-content\/upload\/ah-birkenau.jpg\" alt=\"ah-birkenau\" width=\"400\" height=\"256\" srcset=\"https:\/\/www.tsv-birkenau.de\/wp-content\/upload\/ah-birkenau.jpg 400w, https:\/\/www.tsv-birkenau.de\/wp-content\/upload\/ah-birkenau-300x192.jpg 300w\" sizes=\"auto, (max-width: 400px) 100vw, 400px\" \/><\/p>\n<p>Eine f\u00fcnft\u00e4gige Reise durch die Benelux-L\u00e4nder stand diesesmal auf dem Programm der Birkenauer Handball-Senioren, das Wolfgang Herbig, der seit Jahrzehnten die j\u00e4hrlichen Ausfl\u00fcge organisiert, vorbereitet hatte.<\/p>\n<p><!--more--><\/p>\n<p>Nach dem Start in Birkenau erreichte man \u00fcber Kaiserslautern und Trier am sp\u00e4ten Vormittag die Hauptstadt des Gro\u00dfherzogtums Luxemburg. W\u00e4hrend einer Stadtf\u00fchrung durch die Innenstadt, vorbei an den Sehensw\u00fcrdigkeiten der Stadt und am Palast des Gro\u00dfherzogs, erfuhr man vieles von der Entstehung und der Geschichte des mit 500 000 Einwohnern zweitkleinsten Staates der &#8220;Europ\u00e4ischen Union&#8221;. Allerdings auch, dass dieses kleine Land \u00fcber die &#8220;Montan-Union&#8221; ma\u00dfgeblich an der Entwicklung des heutigen Europas beteiligt war. Weiter ging es nach Antwerpen, wo am sp\u00e4ten Nachmittag das Domizil, ein Hotel in unmittelbarer N\u00e4he des ber\u00fchmten Hauptbahnhofes und inmitten des &#8220;Diamanten-Zentrums&#8221; der zweitgr\u00f6\u00dften belgischen Stadt, bezogen wurde.<\/p>\n<p>Viele der Mitreisenden benutzten noch am gleichen Abend die Gelegenheit diesen wundersch\u00f6nen Bahnhof, auch &#8220;Eisenbahnkathedrale&#8221; genannt und um 1900 von Leopold II. er\u00f6ffnet, zu besichtigen und zu bewundern. Nach einer Stadtf\u00fchrung durch Antwerpen ging am n\u00e4chsten Tag die Reise weiter nach Br\u00fcssel, der belgischen Hauptstadt. Der Rundfahrt durch die Stadt und einem Rundgang durch das &#8220;Quartier Royal&#8221; folgte die Weiterfahrt zum &#8220;Atomium&#8221;. Das Wahrzeichen der ersten Weltausstellung nach dem &#8220;Zweiten Weltkrieg&#8221; der Expo 58 ist noch heute ein Hauptanziehungspunkt von Br\u00fcssel und durfte nat\u00fcrlich auf dem Programm der Birkenauer nicht fehlen. Begeistert waren die Odenw\u00e4lder am folgenden Tag von Br\u00fcgge, der sicherlich sch\u00f6nsten Stadt Belgiens. Ein geruhsamer Rundgang durch die Stadt an der Schelde mit ihren wundersch\u00f6nen Kirchen, Grachten und Geb\u00e4uden war f\u00fcr viele der H\u00f6hepunkt der Reise.<\/p>\n<p>Nach einem Abstecher in die Universit\u00e4tsstadt Gent ging es wieder zur\u00fcck nach Antwerpen. Eine etwas l\u00e4ngere Anreise gab es am n\u00e4chsten Tag, denn Amsterdam stand auf dem Programm. Dem Besuch im Wachsfigurenkabinett von &#8220;Madame Tussauds&#8221; folgte eine Stadtrundfahrt und den Abschluss bildete eine Bootsfahrt durch die unz\u00e4hligen Grachten der niederl\u00e4ndischen Gro\u00dfstadt. Zur\u00fcck im Hotel gab es beim Abendessen noch ein kleines Pr\u00e4sent als &#8220;Dankesch\u00f6n&#8221; f\u00fcr den Reiseleiter Wolfgang Herbig, der auch diese Reise wieder hervorragend organisiert und betreut hatte. Abschied nehmen aus Benelux hie\u00df es am n\u00e4chsten Morgen, und die R\u00fcckfahrt ging \u00fcber Aachen in Richtung Heimat. Dabei gab es noch eine &#8220;verl\u00e4ngerte&#8221; Mittagspause beim &#8220;Singenden Wirt&#8221; in Perscheid am Rhein.<\/p>\n<p>Quelle: WNOZ.de<\/p>\n","protected":false},"excerpt":{"rendered":"<p>Eine f\u00fcnft\u00e4gige Reise durch die Benelux-L\u00e4nder stand diesesmal auf dem Programm der Birkenauer Handball-Senioren, das Wolfgang Herbig, der seit Jahrzehnten die j\u00e4hrlichen Ausfl\u00fcge organisiert, vorbereitet hatte.<\/p>\n","protected":false},"author":4,"featured_media":0,"comment_status":"open","ping_status":"open","sticky":false,"template":"","format":"standard","meta":{"_uag_custom_page_level_css":"","site-sidebar-layout":"default","site-content-layout":"","ast-site-content-layout":"default","site-content-style":"default","site-sidebar-style":"default","ast-global-header-display":"","ast-banner-title-visibility":"","ast-main-header-display":"","ast-hfb-above-header-display":"","ast-hfb-below-header-display":"","ast-hfb-mobile-header-display":"","site-post-title":"","ast-breadcrumbs-content":"","ast-featured-img":"","footer-sml-layout":"","ast-disable-related-posts":"","theme-transparent-header-meta":"","adv-header-id-meta":"","stick-header-meta":"","header-above-stick-meta":"","header-main-stick-meta":"","header-below-stick-meta":"","astra-migrate-meta-layouts":"default","ast-page-background-enabled":"default","ast-page-background-meta":{"desktop":{"background-color":"var(--ast-global-color-4)","background-image":"","background-repeat":"repeat","background-position":"center center","background-size":"auto","background-attachment":"scroll","background-type":"","background-media":"","overlay-type":"","overlay-color":"","overlay-opacity":"","overlay-gradient":""},"tablet":{"background-color":"","background-image":"","background-repeat":"repeat","background-position":"center center","background-size":"auto","background-attachment":"scroll","background-type":"","background-media":"","overlay-type":"","overlay-color":"","overlay-opacity":"","overlay-gradient":""},"mobile":{"background-color":"","background-image":"","background-repeat":"repeat","background-position":"center center","background-size":"auto","background-attachment":"scroll","background-type":"","background-media":"","overlay-type":"","overlay-color":"","overlay-opacity":"","overlay-gradient":""}},"ast-content-background-meta":{"desktop":{"background-color":"var(--ast-global-color-5)","background-image":"","background-repeat":"repeat","background-position":"center center","background-size":"auto","background-attachment":"scroll","background-type":"","background-media":"","overlay-type":"","overlay-color":"","overlay-opacity":"","overlay-gradient":""},"tablet":{"background-color":"var(--ast-global-color-5)","background-image":"","background-repeat":"repeat","background-position":"center center","background-size":"auto","background-attachment":"scroll","background-type":"","background-media":"","overlay-type":"","overlay-color":"","overlay-opacity":"","overlay-gradient":""},"mobile":{"background-color":"var(--ast-global-color-5)","background-image":"","background-repeat":"repeat","background-position":"center center","background-size":"auto","background-attachment":"scroll","background-type":"","background-media":"","overlay-type":"","overlay-color":"","overlay-opacity":"","overlay-gradient":""}},"footnotes":""},"categories":[1],"tags":[],"class_list":["post-972","post","type-post","status-publish","format-standard","hentry","category-allgemein"],"uagb_featured_image_src":{"full":false,"thumbnail":false,"medium":false,"medium_large":false,"large":false,"1536x1536":false,"2048x2048":false},"uagb_author_info":{"display_name":"Daniel G\u00f6tz","author_link":"https:\/\/www.tsv-birkenau.de\/index.php\/archives\/author\/dgoetz"},"uagb_comment_info":0,"uagb_excerpt":"Eine f\u00fcnft\u00e4gige Reise durch die Benelux-L\u00e4nder stand diesesmal auf dem Programm der Birkenauer Handball-Senioren, das Wolfgang Herbig, der seit Jahrzehnten die j\u00e4hrlichen Ausfl\u00fcge organisiert, vorbereitet hatte.","_links":{"self":[{"href":"https:\/\/www.tsv-birkenau.de\/index.php\/wp-json\/wp\/v2\/posts\/972","targetHints":{"allow":["GET"]}}],"collection":[{"href":"https:\/\/www.tsv-birkenau.de\/index.php\/wp-json\/wp\/v2\/posts"}],"about":[{"href":"https:\/\/www.tsv-birkenau.de\/index.php\/wp-json\/wp\/v2\/types\/post"}],"author":[{"embeddable":true,"href":"https:\/\/www.tsv-birkenau.de\/index.php\/wp-json\/wp\/v2\/users\/4"}],"replies":[{"embeddable":true,"href":"https:\/\/www.tsv-birkenau.de\/index.php\/wp-json\/wp\/v2\/comments?post=972"}],"version-history":[{"count":2,"href":"https:\/\/www.tsv-birkenau.de\/index.php\/wp-json\/wp\/v2\/posts\/972\/revisions"}],"predecessor-version":[{"id":975,"href":"https:\/\/www.tsv-birkenau.de\/index.php\/wp-json\/wp\/v2\/posts\/972\/revisions\/975"}],"wp:attachment":[{"href":"https:\/\/www.tsv-birkenau.de\/index.php\/wp-json\/wp\/v2\/media?parent=972"}],"wp:term":[{"taxonomy":"category","embeddable":true,"href":"https:\/\/www.tsv-birkenau.de\/index.php\/wp-json\/wp\/v2\/categories?post=972"},{"taxonomy":"post_tag","embeddable":true,"href":"https:\/\/www.tsv-birkenau.de\/index.php\/wp-json\/wp\/v2\/tags?post=972"}],"curies":[{"name":"wp","href":"https:\/\/api.w.org\/{rel}","templated":true}]}}